{"id":21780,"date":"2020-12-29T08:02:13","date_gmt":"2020-12-29T14:02:13","guid":{"rendered":"http:\/\/www.zonaroja.com.mx\/?p=21780"},"modified":"2020-12-29T08:02:18","modified_gmt":"2020-12-29T14:02:18","slug":"menos-dinero-para-seguridad-y-mas-para-combustibles-para-oaxaca-capital-en-2021","status":"publish","type":"post","link":"https:\/\/zonaroja.com.mx\/?p=21780","title":{"rendered":"Menos dinero para seguridad y m\u00e1s para combustibles, para Oaxaca capital en 2021"},"content":{"rendered":"\n<p>Yuridiana Sosa\/Zona Roja.<\/p>\n\n\n\n<p>Oaxaca de Ju\u00e1rez, Oax., 29 de diciembre de 2020.- Con un monto total no revelado, el Presupuesto de Egresos para el ejercicio 2021 de la capital de Oaxaca fue aprobado con una reducci\u00f3n de m\u00e1s de 17 millones de pesos para seguridad p\u00fablica y un aumento de m\u00e1s de 20 millones para combustible, respecto al presupuesto 2019.<\/p>\n\n\n\n<p>As\u00ed lo demuestra un ejercicio de an\u00e1lisis que dio a conocer el regidor de Imagen, Desarrollo Urbano y de Obras P\u00fablicas y de Centro Hist\u00f3rico y Patrimonio Mundial, Pavel L\u00f3pez G\u00f3mez, quien manifest\u00f3 que vot\u00f3 en contra de la propuesta del presidente municipal Oswaldo Garc\u00eda Jarqu\u00edn, del Partido Morena.<\/p>\n\n\n\n<p>El concejal indic\u00f3 a ZONA ROJA que desconocen el monto total del presupuesto, as\u00ed como que en la propuesta no se plantean los mecanismos ni estrategias para la aplicaci\u00f3n de los recursos, as\u00ed como para eficientar el gasto p\u00fablico ni acciones que mitiguen los estragos por la contingencia sanitaria de Covid-19.<\/p>\n\n\n\n<p>El presupuesto, dijo, fue aprobado por mayor\u00eda calificada con 11 votos, contando con el apoyo de tres regidores del PAN, dos del PRI, uno de PT y otro de PES, mientras que, de los regidores de Morena, cinco se opusieron.<\/p>\n\n\n\n<p>Entre los aspectos que saltan en el presupuesto es un aumento por siete millones 328 mil 3849 en pagos de est\u00edmulos a servidores p\u00fablicos, sin que a la fecha se conozcan los montos percibidos, los criterios para obtener dichos est\u00edmulos y las personas a las que se les otorga.<\/p>\n\n\n\n<p>En la partida denominada al exterior, de la que L\u00f3pez G\u00f3mez dijo no existen detalles, se incrementaron 561 mil 231 pesos en comparaci\u00f3n del presupuesto aprobado en el 2020, a pesar que en el tercer trimestre se presenta un subejercicio por la cantidad de 333 mil 333.34 pesos.<\/p>\n\n\n\n<p>Para el concepto de combustibles, lubricantes y aditivos, existe un aumento por el orden de los 33 millones 60 mil 632.27 de pesos, al pasar de 17 millones 186 mil 321 a 50 millones 246 mil 953 de pesos, sin que se explique la raz\u00f3n del alza.<\/p>\n\n\n\n<p>Mientras que para Seguridad P\u00fablica, Vialidad y Protecci\u00f3n Ciudadana se propuso una reducci\u00f3n de 17 millones 356 mil 851.76 de pesos en comparaci\u00f3n al 2019, al pasar de 279 millones 460 mil 858 a 262 millones 104 mil seis pesos.<\/p>\n\n\n\n<p>Adem\u00e1s, no existe justificaci\u00f3n para incrementar en la Direcci\u00f3n de Administraci\u00f3n la cantidad de 61 millones, 18 mil, 669.40 de pesos.<\/p>\n\n\n\n<p>Para la Deuda p\u00fablica, se exhibi\u00f3 que para el 2020 se destinar\u00e1n 82 millones 123 mil 90 pesos y en 2019 se program\u00f3 un egreso de 44 millones 227 mil 926 pesos.<\/p>\n\n\n\n<p>El regidor expres\u00f3 incongruencias y que desde su apreciaci\u00f3n los n\u00fameros no cuadran respecto a los ingresos y egresos, por lo que mantiene su desacuerdo con la propuesta del edil aprobada el pasado 15 de diciembre.<\/p>\n","protected":false},"excerpt":{"rendered":"<p>Yuridiana Sosa\/Zona Roja. Oaxaca de Ju\u00e1rez, Oax., 29 de diciembre de 2020.- Con un monto&hellip;<\/p>\n","protected":false},"author":2,"featured_media":21781,"comment_status":"closed","ping_status":"open","sticky":false,"template":"","format":"standard","meta":{"_lmt_disableupdate":"","_lmt_disable":"","_jetpack_memberships_contains_paid_content":false,"footnotes":""},"categories":[109,47],"tags":[115],"class_list":["post-21780","post","type-post","status-publish","format-standard","has-post-thumbnail","hentry","category-minuto-a-minuto","category-zona-gris","tag-oswaldo-garcia-jarquin"],"jetpack_featured_media_url":"https:\/\/zonaroja.com.mx\/wp-content\/uploads\/2020\/12\/Palacio-Municipal-Oaxaca-capital.jpg","jetpack_sharing_enabled":true,"_links":{"self":[{"href":"https:\/\/zonaroja.com.mx\/index.php?rest_route=\/wp\/v2\/posts\/21780","targetHints":{"allow":["GET"]}}],"collection":[{"href":"https:\/\/zonaroja.com.mx\/index.php?rest_route=\/wp\/v2\/posts"}],"about":[{"href":"https:\/\/zonaroja.com.mx\/index.php?rest_route=\/wp\/v2\/types\/post"}],"author":[{"embeddable":true,"href":"https:\/\/zonaroja.com.mx\/index.php?rest_route=\/wp\/v2\/users\/2"}],"replies":[{"embeddable":true,"href":"https:\/\/zonaroja.com.mx\/index.php?rest_route=%2Fwp%2Fv2%2Fcomments&post=21780"}],"version-history":[{"count":1,"href":"https:\/\/zonaroja.com.mx\/index.php?rest_route=\/wp\/v2\/posts\/21780\/revisions"}],"predecessor-version":[{"id":21782,"href":"https:\/\/zonaroja.com.mx\/index.php?rest_route=\/wp\/v2\/posts\/21780\/revisions\/21782"}],"wp:featuredmedia":[{"embeddable":true,"href":"https:\/\/zonaroja.com.mx\/index.php?rest_route=\/wp\/v2\/media\/21781"}],"wp:attachment":[{"href":"https:\/\/zonaroja.com.mx\/index.php?rest_route=%2Fwp%2Fv2%2Fmedia&parent=21780"}],"wp:term":[{"taxonomy":"category","embeddable":true,"href":"https:\/\/zonaroja.com.mx\/index.php?rest_route=%2Fwp%2Fv2%2Fcategories&post=21780"},{"taxonomy":"post_tag","embeddable":true,"href":"https:\/\/zonaroja.com.mx\/index.php?rest_route=%2Fwp%2Fv2%2Ftags&post=21780"}],"curies":[{"name":"wp","href":"https:\/\/api.w.org\/{rel}","templated":true}]}}