{"id":21788,"date":"2020-12-29T16:21:20","date_gmt":"2020-12-29T22:21:20","guid":{"rendered":"https:\/\/www.zonaroja.com.mx\/?p=21788"},"modified":"2020-12-29T16:21:28","modified_gmt":"2020-12-29T22:21:28","slug":"crece-crimen-organizado-en-san-antonio-de-la-cal-tres-ejecutados-en-diciembre","status":"publish","type":"post","link":"https:\/\/zonaroja.com.mx\/?p=21788","title":{"rendered":"Crece crimen organizado en San Antonio de la Cal; tres ejecutados en diciembre"},"content":{"rendered":"\n<p class=\"MsoNormal\">Redacci\u00f3n\/Zona Roja.<\/p>\n\n\n\n<p class=\"MsoNormal\">Oaxaca de Ju\u00e1rez, Oax., 29 de diciembre de 2020.- La violencia homicida de probables grupos del crimen organizado azota al municipio conurbado de San Antonio de la Cal, donde en el transcurso de 10 d\u00edas se ha registrado el asesinato de tres personas con arma de fuego, una de ellas una joven menor de edad.\u00a0<\/p>\n\n\n\n<p class=\"MsoNormal\">Cerca\u00a0<a href=\"\/\/1\">de las 10:00<\/a>\u00a0horas de\u00a0<a href=\"\/\/2\">este martes<\/a> se registr\u00f3 el hallazgo del cuerpo de un hombre sin vida en el punto conocido como \u00abLa Cieneguita\u00bb, en inmediaciones de la zona comercial y cerca de las riberas del r\u00edo \u00abSalado\u00bb.<\/p>\n\n\n\n<p class=\"MsoNormal\">El cuerpo de la v\u00edctima present\u00f3 huellas de tortura y disparos de armas de fuego, adem\u00e1s, se localiz\u00f3 una cartulina con un mensaje de amenazas.&nbsp;<\/p>\n\n\n\n<p class=\"MsoNormal\">La zona fue acordonada por elementos de las distintas corporaciones policiales, hasta donde tambi\u00e9n arribaron elementos de la Agencia Estatal de Investigaciones, de la Fiscal\u00eda General del Estado, que tienen oficinas en la agencia La Experimental de San Antonio de la Cal.<\/p>\n\n\n\n<p class=\"MsoNormal\">Pero a este hecho violento le antecede el homicidio de una joven mujer el pasado 26 de diciembre, en ese mismo municipio conurbado a la capital.<\/p>\n\n\n\n<figure class=\"wp-block-embed-twitter wp-block-embed is-type-rich is-provider-twitter\"><div class=\"wp-block-embed__wrapper\">\n<div class=\"twitter-tweet\"><blockquote class=\"twitter-tweet\" data-lang=\"es\"><p lang=\"es\" dir=\"ltr\"><a href=\"https:\/\/twitter.com\/hashtag\/%C3%9AltimoMinuto?src=hash&amp;ref_src=twsrc%5Etfw\">#\u00daltimoMinuto<\/a> <br>Reportan el hallazgo de una persona presuntamente torturada y ejecutada, en San Antonio de la Cal, municipio conurbado a la ciudad de <a href=\"https:\/\/twitter.com\/hashtag\/Oaxaca?src=hash&amp;ref_src=twsrc%5Etfw\">#Oaxaca<\/a>. <a href=\"https:\/\/t.co\/uOfFWBGui5\">pic.twitter.com\/uOfFWBGui5<\/a><\/p>&mdash; Zona Roja Oaxaca (@MexRoja) <a href=\"https:\/\/twitter.com\/MexRoja\/status\/1343955955185299456?ref_src=twsrc%5Etfw\">29 de diciembre de 2020<\/a><\/blockquote><\/div>\n<\/div><\/figure>\n\n\n\n<p class=\"MsoNormal\">El probable feminicidio ocurri\u00f3 la noche del pasado s\u00e1bado al interior de un domicilio en la calle privada de Monte Alb\u00e1n, Primera Secci\u00f3n.<\/p>\n\n\n\n<p class=\"MsoNormal\">&nbsp;Junto a la v\u00edctima, quien sobrevivi\u00f3 durante varios minutos despu\u00e9s del ataque, tambi\u00e9n se encontr\u00f3 una cartulina con un mensaje violento.<\/p>\n\n\n\n<p class=\"MsoNormal\">De acuerdo a las autoridades la joven mujer fue identificada como Nayeli S. G., de 17 a\u00f1os de edad, quien falleci\u00f3 en el traslado a una cl\u00ednica particular en la colonia Reforma Agraria de Santa Cruz Xoxocotl\u00e1n.<\/p>\n\n\n\n<p class=\"MsoNormal\">Mientras que el pasado 8 de diciembre se registr\u00f3 el primer crimen violento de este mes en San Antonio de la Cal.<\/p>\n\n\n\n<p class=\"MsoNormal\">Los hechos ocurrieron aproximadamente\u00a0<a href=\"\/\/6\">a las 10:00<\/a>\u00a0horas en un establecimiento de lavado de autos ubicado en la calle Aldama casi esquina Mina, cerca del palacio municipal.<\/p>\n\n\n\n<p class=\"MsoNormal\">El reporte policial indic\u00f3 que dos sujetos arribaron al lugar a bordo de una motocicleta, quienes se dirigieron al propietario del lugar, contra quien abrieron fuego para darle muerte.<\/p>\n\n\n\n<p class=\"MsoNormal\">El hombre fue identificado como Eleazar G. P., de 51 a\u00f1os de edad, a quien tambi\u00e9n le colocaron un presunto mensaje de grupos delictivos: \u201cEmpeso la limpia. As\u00ed van acbvar todos los putos chapulines, abranse a la v\u2026\u201d.<\/p>\n\n\n\n<p class=\"MsoNormal\">Por ninguno de los casos la Fiscal\u00eda General de Oaxaca ha reportado la detenci\u00f3n de personas.<\/p>\n","protected":false},"excerpt":{"rendered":"<p>Redacci\u00f3n\/Zona Roja. Oaxaca de Ju\u00e1rez, Oax., 29 de diciembre de 2020.- La violencia homicida de&hellip;<\/p>\n","protected":false},"author":2,"featured_media":21790,"comment_status":"closed","ping_status":"open","sticky":false,"template":"","format":"standard","meta":{"_lmt_disableupdate":"","_lmt_disable":"","_jetpack_memberships_contains_paid_content":false,"footnotes":""},"categories":[109,47],"tags":[875],"class_list":["post-21788","post","type-post","status-publish","format-standard","has-post-thumbnail","hentry","category-minuto-a-minuto","category-zona-gris","tag-san-antonio-de-la-cal"],"jetpack_featured_media_url":"https:\/\/zonaroja.com.mx\/wp-content\/uploads\/2020\/12\/Ejecutado-San-Antonio-de-la-Cal.jpg","jetpack_sharing_enabled":true,"_links":{"self":[{"href":"https:\/\/zonaroja.com.mx\/index.php?rest_route=\/wp\/v2\/posts\/21788","targetHints":{"allow":["GET"]}}],"collection":[{"href":"https:\/\/zonaroja.com.mx\/index.php?rest_route=\/wp\/v2\/posts"}],"about":[{"href":"https:\/\/zonaroja.com.mx\/index.php?rest_route=\/wp\/v2\/types\/post"}],"author":[{"embeddable":true,"href":"https:\/\/zonaroja.com.mx\/index.php?rest_route=\/wp\/v2\/users\/2"}],"replies":[{"embeddable":true,"href":"https:\/\/zonaroja.com.mx\/index.php?rest_route=%2Fwp%2Fv2%2Fcomments&post=21788"}],"version-history":[{"count":3,"href":"https:\/\/zonaroja.com.mx\/index.php?rest_route=\/wp\/v2\/posts\/21788\/revisions"}],"predecessor-version":[{"id":23509,"href":"https:\/\/zonaroja.com.mx\/index.php?rest_route=\/wp\/v2\/posts\/21788\/revisions\/23509"}],"wp:featuredmedia":[{"embeddable":true,"href":"https:\/\/zonaroja.com.mx\/index.php?rest_route=\/wp\/v2\/media\/21790"}],"wp:attachment":[{"href":"https:\/\/zonaroja.com.mx\/index.php?rest_route=%2Fwp%2Fv2%2Fmedia&parent=21788"}],"wp:term":[{"taxonomy":"category","embeddable":true,"href":"https:\/\/zonaroja.com.mx\/index.php?rest_route=%2Fwp%2Fv2%2Fcategories&post=21788"},{"taxonomy":"post_tag","embeddable":true,"href":"https:\/\/zonaroja.com.mx\/index.php?rest_route=%2Fwp%2Fv2%2Ftags&post=21788"}],"curies":[{"name":"wp","href":"https:\/\/api.w.org\/{rel}","templated":true}]}}