{"id":21792,"date":"2020-12-29T16:54:24","date_gmt":"2020-12-29T22:54:24","guid":{"rendered":"http:\/\/www.zonaroja.com.mx\/?p=21792"},"modified":"2020-12-29T16:54:28","modified_gmt":"2020-12-29T22:54:28","slug":"agrede-taxista-a-reportero-en-centro-historico-de-la-capital-oaxaquena","status":"publish","type":"post","link":"https:\/\/zonaroja.com.mx\/?p=21792","title":{"rendered":"Agrede taxista a reportero en Centro Hist\u00f3rico de la capital oaxaque\u00f1a"},"content":{"rendered":"\n<p>Redacci\u00f3n\/Zona Roja.<\/p>\n\n\n\n<p>Oaxaca de Ju\u00e1rez, Oax., 29 de diciembre de 2020.- Un reportero de la capital oaxaque\u00f1a fue agredido f\u00edsicamente por el chofer de un taxi del sitio \u201cEl Llano\u201d, quien a pesar de la presencia de la Polic\u00eda Municipal, se retir\u00f3 del lugar.<\/p>\n\n\n\n<p>El percance se registr\u00f3 alrededor del mediod\u00eda de este martes en la esquina de las calles de Guerrero y Armenta y L\u00f3pez, en el Centro Hist\u00f3rico de Oaxaca, hasta donde arrib\u00f3 una ambulancia de la Cruz Roja para dar atenci\u00f3n al comunicador Francisco Javier Santiago.<\/p>\n\n\n\n<figure class=\"wp-block-embed-twitter wp-block-embed is-type-rich is-provider-twitter\"><div class=\"wp-block-embed__wrapper\">\n<div class=\"twitter-tweet\"><blockquote class=\"twitter-tweet\" data-lang=\"es\"><p lang=\"es\" dir=\"ltr\"><a href=\"https:\/\/twitter.com\/hashtag\/%C3%9AltimoMinuto?src=hash&amp;ref_src=twsrc%5Etfw\">#\u00daltimoMinuto<\/a> <br>Un taxista del sitio \u201cEl Llano\u201d de la ciudad de <a href=\"https:\/\/twitter.com\/hashtag\/Oaxaca?src=hash&amp;ref_src=twsrc%5Etfw\">#Oaxaca<\/a> agredi\u00f3 hoy al reportero Javier Santiago (<a href=\"https:\/\/twitter.com\/Javier_prensa?ref_src=twsrc%5Etfw\">@Javier_prensa<\/a>) en la esquina de Guerrero y Armenta y L\u00f3pez. <br>Urgen a <a href=\"https:\/\/twitter.com\/PolVial_GobOax?ref_src=twsrc%5Etfw\">@PolVial_GobOax<\/a> <a href=\"https:\/\/twitter.com\/Policia_GobOax?ref_src=twsrc%5Etfw\">@Policia_GobOax<\/a> <a href=\"https:\/\/twitter.com\/MunicipioSeguro?ref_src=twsrc%5Etfw\">@MunicipioSeguro<\/a> b\u00fasqueda de conductor de unidad 00-300. <a href=\"https:\/\/t.co\/Nv4eU1DhxS\">pic.twitter.com\/Nv4eU1DhxS<\/a><\/p>&mdash; Zona Roja Oaxaca (@MexRoja) <a href=\"https:\/\/twitter.com\/MexRoja\/status\/1343990213001924610?ref_src=twsrc%5Etfw\">29 de diciembre de 2020<\/a><\/blockquote><\/div>\n<\/div><\/figure>\n\n\n\n<p>La v\u00edctima recibi\u00f3 golpes en el rostro y fue amedrentado con un bate de b\u00e9isbol, a\u00fan en presencia de elementos de la Polic\u00eda Municipal, quienes atestiguaron parte de los hechos, pero no detuvieron al agresor.<\/p>\n\n\n\n<p>El chofer conduce la unidad marcada con el n\u00famero econ\u00f3mico 00-300, del sitio \u201cEl Llano\u201d, presuntamente identificado como Mart\u00edn Caballero.<\/p>\n\n\n\n<p>Javier Santiago indic\u00f3 que pidi\u00f3 la colaboraci\u00f3n del sitio para ubicar al agresor, as\u00ed como de corporaciones policiales para ubicar la unidad.<\/p>\n","protected":false},"excerpt":{"rendered":"<p>Redacci\u00f3n\/Zona Roja. Oaxaca de Ju\u00e1rez, Oax., 29 de diciembre de 2020.- Un reportero de la&hellip;<\/p>\n","protected":false},"author":2,"featured_media":21793,"comment_status":"closed","ping_status":"open","sticky":false,"template":"","format":"standard","meta":{"_lmt_disableupdate":"","_lmt_disable":"","_jetpack_memberships_contains_paid_content":false,"footnotes":""},"categories":[109,47],"tags":[1708],"class_list":["post-21792","post","type-post","status-publish","format-standard","has-post-thumbnail","hentry","category-minuto-a-minuto","category-zona-gris","tag-javier-santiago"],"jetpack_featured_media_url":"https:\/\/zonaroja.com.mx\/wp-content\/uploads\/2020\/12\/Taxista-y-Javier-Santiago.jpg","jetpack_sharing_enabled":true,"_links":{"self":[{"href":"https:\/\/zonaroja.com.mx\/index.php?rest_route=\/wp\/v2\/posts\/21792","targetHints":{"allow":["GET"]}}],"collection":[{"href":"https:\/\/zonaroja.com.mx\/index.php?rest_route=\/wp\/v2\/posts"}],"about":[{"href":"https:\/\/zonaroja.com.mx\/index.php?rest_route=\/wp\/v2\/types\/post"}],"author":[{"embeddable":true,"href":"https:\/\/zonaroja.com.mx\/index.php?rest_route=\/wp\/v2\/users\/2"}],"replies":[{"embeddable":true,"href":"https:\/\/zonaroja.com.mx\/index.php?rest_route=%2Fwp%2Fv2%2Fcomments&post=21792"}],"version-history":[{"count":1,"href":"https:\/\/zonaroja.com.mx\/index.php?rest_route=\/wp\/v2\/posts\/21792\/revisions"}],"predecessor-version":[{"id":21794,"href":"https:\/\/zonaroja.com.mx\/index.php?rest_route=\/wp\/v2\/posts\/21792\/revisions\/21794"}],"wp:featuredmedia":[{"embeddable":true,"href":"https:\/\/zonaroja.com.mx\/index.php?rest_route=\/wp\/v2\/media\/21793"}],"wp:attachment":[{"href":"https:\/\/zonaroja.com.mx\/index.php?rest_route=%2Fwp%2Fv2%2Fmedia&parent=21792"}],"wp:term":[{"taxonomy":"category","embeddable":true,"href":"https:\/\/zonaroja.com.mx\/index.php?rest_route=%2Fwp%2Fv2%2Fcategories&post=21792"},{"taxonomy":"post_tag","embeddable":true,"href":"https:\/\/zonaroja.com.mx\/index.php?rest_route=%2Fwp%2Fv2%2Ftags&post=21792"}],"curies":[{"name":"wp","href":"https:\/\/api.w.org\/{rel}","templated":true}]}}