{"id":21795,"date":"2020-12-29T17:02:18","date_gmt":"2020-12-29T23:02:18","guid":{"rendered":"http:\/\/www.zonaroja.com.mx\/?p=21795"},"modified":"2020-12-29T17:02:22","modified_gmt":"2020-12-29T23:02:22","slug":"lleva-tres-dias-incendio-forestal-en-san-miguel-chimalapa","status":"publish","type":"post","link":"https:\/\/zonaroja.com.mx\/?p=21795","title":{"rendered":"Lleva tres d\u00edas incendio forestal en San Miguel Chimalapa"},"content":{"rendered":"\n<p>Yuridiana Sosa\/Zona Roja.<\/p>\n\n\n\n<p>Oaxaca de Ju\u00e1rez, Oax., 29 de diciembre de 2020.- Por segundo d\u00eda consecutivo, brigadistas de la Comisi\u00f3n Estatal Forestal (Coesfo) combaten un incendio en el paraje \u201cEl Tanquecito\u201d, del municipio de San Miguel Chimalapa, presuntamente provocado por cazadores.<\/p>\n\n\n\n<p>El director de la Coesfo, Aar\u00f3n Ju\u00e1rez, se\u00f1al\u00f3 que el incendio comenz\u00f3 la noche del 27 de diciembre, por lo que desde las primeras horas del d\u00eda 28, los brigadistas arribaron a esa zona de la regi\u00f3n del Istmo para iniciar con los trabajos de mitigaci\u00f3n y combate al fuego.<\/p>\n\n\n\n<p>De acuerdo a las autoridades municipales, dijo, la conflagraci\u00f3n fue causada por cazadores.<\/p>\n\n\n\n<p>Este incendio es el \u00fanico activo y confirmado en la entidad hasta las primeras horas de este martes; sin embargo, brigadistas de la Coesfo est\u00e1n en v\u00edas de confirmar sobre un segundo probable incendio en el paraje de \u201cSol y Luna\u201d del municipio vecino de Santo Domingo Zanatepec.<\/p>\n\n\n\n<figure class=\"wp-block-embed-twitter wp-block-embed is-type-rich is-provider-twitter\"><div class=\"wp-block-embed__wrapper\">\n<div class=\"twitter-tweet\"><blockquote class=\"twitter-tweet\" data-lang=\"es\"><p lang=\"es\" dir=\"ltr\">La temporada de incendios forestales ya inici\u00f3 en <a href=\"https:\/\/twitter.com\/hashtag\/Oaxaca?src=hash&amp;ref_src=twsrc%5Etfw\">#Oaxaca<\/a> y ayer autoridades de San Miguel <a href=\"https:\/\/twitter.com\/hashtag\/Chimalapa?src=hash&amp;ref_src=twsrc%5Etfw\">#Chimalapa<\/a> reportaron un siniestro en el paraje \u201cEl Tanquesito\u201d; personal de la <a href=\"https:\/\/twitter.com\/COESFO_GobOax?ref_src=twsrc%5Etfw\">@COESFO_GobOax<\/a> acudi\u00f3 a combatir el fuego, inform\u00f3 <a href=\"https:\/\/twitter.com\/Aaron_Juarez?ref_src=twsrc%5Etfw\">@Aaron_Juarez<\/a>. <a href=\"https:\/\/t.co\/Vd7mb3zfSG\">pic.twitter.com\/Vd7mb3zfSG<\/a><\/p>&mdash; Zona Roja Oaxaca (@MexRoja) <a href=\"https:\/\/twitter.com\/MexRoja\/status\/1343914913035669504?ref_src=twsrc%5Etfw\">29 de diciembre de 2020<\/a><\/blockquote><\/div>\n<\/div><\/figure>\n\n\n\n<p>De acuerdo con la estad\u00edstica de la Coesfo, del 1 de enero al 29 de diciembre se han registrado 231 incendios forestales, de los cuales s\u00f3lo uno se encuentra activo.<\/p>\n\n\n\n<p>De forma preliminar se estima una superficie estatal total afectada de 20 mil 737.59 hect\u00e1reas, sin contemplar la zona siniestrada en Chimalapa, la cual se contabilizar\u00e1 una vez aniquilado el incendio.<\/p>\n\n\n\n<p>El n\u00famero total de incendios actualmente es menor al registrado en el transcurso del 2019, cuando el a\u00f1o cerr\u00f3 con un acumulado de 251 siniestros forestales, ocupando el tercer lugar como la entidad con m\u00e1s superficie afectada, seg\u00fan datos de la Comisi\u00f3n Estatal Forestal.<\/p>\n","protected":false},"excerpt":{"rendered":"<p>Yuridiana Sosa\/Zona Roja. Oaxaca de Ju\u00e1rez, Oax., 29 de diciembre de 2020.- Por segundo d\u00eda&hellip;<\/p>\n","protected":false},"author":2,"featured_media":21796,"comment_status":"closed","ping_status":"open","sticky":false,"template":"","format":"standard","meta":{"_lmt_disableupdate":"","_lmt_disable":"","_jetpack_memberships_contains_paid_content":false,"footnotes":""},"categories":[109,47],"tags":[1255,967],"class_list":["post-21795","post","type-post","status-publish","format-standard","has-post-thumbnail","hentry","category-minuto-a-minuto","category-zona-gris","tag-comision-estatal-forestal-de-oaxaca","tag-san-miguel-chimalapa"],"jetpack_featured_media_url":"https:\/\/zonaroja.com.mx\/wp-content\/uploads\/2020\/12\/Incendio-Chimalapa.jpg","jetpack_sharing_enabled":true,"_links":{"self":[{"href":"https:\/\/zonaroja.com.mx\/index.php?rest_route=\/wp\/v2\/posts\/21795","targetHints":{"allow":["GET"]}}],"collection":[{"href":"https:\/\/zonaroja.com.mx\/index.php?rest_route=\/wp\/v2\/posts"}],"about":[{"href":"https:\/\/zonaroja.com.mx\/index.php?rest_route=\/wp\/v2\/types\/post"}],"author":[{"embeddable":true,"href":"https:\/\/zonaroja.com.mx\/index.php?rest_route=\/wp\/v2\/users\/2"}],"replies":[{"embeddable":true,"href":"https:\/\/zonaroja.com.mx\/index.php?rest_route=%2Fwp%2Fv2%2Fcomments&post=21795"}],"version-history":[{"count":1,"href":"https:\/\/zonaroja.com.mx\/index.php?rest_route=\/wp\/v2\/posts\/21795\/revisions"}],"predecessor-version":[{"id":21797,"href":"https:\/\/zonaroja.com.mx\/index.php?rest_route=\/wp\/v2\/posts\/21795\/revisions\/21797"}],"wp:featuredmedia":[{"embeddable":true,"href":"https:\/\/zonaroja.com.mx\/index.php?rest_route=\/wp\/v2\/media\/21796"}],"wp:attachment":[{"href":"https:\/\/zonaroja.com.mx\/index.php?rest_route=%2Fwp%2Fv2%2Fmedia&parent=21795"}],"wp:term":[{"taxonomy":"category","embeddable":true,"href":"https:\/\/zonaroja.com.mx\/index.php?rest_route=%2Fwp%2Fv2%2Fcategories&post=21795"},{"taxonomy":"post_tag","embeddable":true,"href":"https:\/\/zonaroja.com.mx\/index.php?rest_route=%2Fwp%2Fv2%2Ftags&post=21795"}],"curies":[{"name":"wp","href":"https:\/\/api.w.org\/{rel}","templated":true}]}}