{"id":21798,"date":"2020-12-29T21:13:37","date_gmt":"2020-12-30T03:13:37","guid":{"rendered":"http:\/\/www.zonaroja.com.mx\/?p=21798"},"modified":"2020-12-29T21:13:42","modified_gmt":"2020-12-30T03:13:42","slug":"aumenta-covid-registra-oaxaca-282-hospitalizados-63-de-ellos-intubados","status":"publish","type":"post","link":"https:\/\/zonaroja.com.mx\/?p=21798","title":{"rendered":"Aumenta Covid; registra Oaxaca 282 hospitalizados, 63 de ellos intubados"},"content":{"rendered":"\n<p>Redacci\u00f3n\/Zona Roja.<\/p>\n\n\n\n<p>Oaxaca de Ju\u00e1rez, Oax. 29 de diciembre de 2020.- Los casos de Covid-19 siguen al alza en Oaxaca y de acuerdo con autoridades federales, podr\u00eda regresar al sem\u00e1foro epidemiol\u00f3gico en color rojo.<\/p>\n\n\n\n<p>En tanto, en un comunicado, la dependencia Servicios de Salud de la entidad, confirm\u00f3 la alta incidencia de enfermos, principalmente en la zona metropolitana de los Valles Centrales, por lo que al corte epidemiol\u00f3gico del d\u00eda de hoy 29 de diciembre, la red hospitalaria para la atenci\u00f3n de pacientes Covid, se encuentra al 45.9 por ciento.<\/p>\n\n\n\n<p>\u201cEs decir hay 282 pacientes internados en las unidades m\u00e9dicas, de los cuales se reportan 40 delicados, cinco estables, 200 graves y 37 muy graves; de este total 63 pacientes se encuentran intubados\u201d, expuso.<\/p>\n\n\n\n<p>Ante ello, la instituci\u00f3n que encabeza Donato Casas Escamilla exhort\u00f3 a la poblaci\u00f3n a usar las herramientas tecnol\u00f3gicas para contactar a la familia y amigos en las celebraciones de fin de a\u00f1o, as\u00ed como evitar visitas y salidas innecesarias de casa.<\/p>\n\n\n\n<p>Tambi\u00e9n recomend\u00f3 realizar las compras de preferencia en internet, en caso de hacerlas en tiendas f\u00edsicas, es necesario verificar que el establecimiento cumpla con las medidas sanitarias requeridas por el sector Salud, tratar de comprar en un solo establecimiento y en un solo d\u00eda, tomar siempre la sana distancia, usar correcto el cubrebocas, evitar las filas y aglomeraciones.<\/p>\n\n\n\n<p>La dependencia indic\u00f3 que la reconversi\u00f3n hospitalaria en la entidad, ha sido una estrategia fundamental en el manejo y atenci\u00f3n de pacientes con COVID-19, ya que ha permitido que las instituciones m\u00e9dicas cuenten con capacidad de atenci\u00f3n equitativa y oportuna, no obstante, ante el incremento de casos -sobre todo graves- se est\u00e1n ocupando cada vez m\u00e1s espacios en los nosocomios.<\/p>\n\n\n\n<p>Ante lo cual, el Hospital Militar de Zona 1 de la Secretar\u00eda de la Defensa Nacional (Sedena), ubicado en Santa Mar\u00eda Ixcotel, nuevamente como lo hizo en la primera parte de intervenci\u00f3n de la pandemia, recibir\u00e1 a pacientes con la infecci\u00f3n del SARS-CoV-2.<\/p>\n\n\n\n<p>Sumado a los cuatro centros de valoraci\u00f3n: el hospital general de zona del Instituto Mexicano del Seguro Social (IMSS), el \u201cPresidente Ju\u00e1rez\u201d del Instituto de Seguridad y Servicios Sociales de los Trabajadores del Estado (ISSSTE), el General \u201cDoctor Aurelio Valdivieso\u201d y el Centro de Salud Urbano n\u00famero 1; y as\u00ed poder garantizar la atenci\u00f3n m\u00e9dica a la poblaci\u00f3n que lo requiera.<\/p>\n\n\n\n<p>Finalmente, los SSO hicieron un llamado urgente a la prudencia y la responsabilidad individual para evitar nuevos brotes del virus, principalmente a los j\u00f3venes, a no salir de casa si no es necesario; una sola persona puede ser una barrera contra el virus o un agente propagador de la infecci\u00f3n de toda la familia.<\/p>\n","protected":false},"excerpt":{"rendered":"<p>Redacci\u00f3n\/Zona Roja. Oaxaca de Ju\u00e1rez, Oax. 29 de diciembre de 2020.- Los casos de Covid-19&hellip;<\/p>\n","protected":false},"author":2,"featured_media":21799,"comment_status":"closed","ping_status":"open","sticky":false,"template":"","format":"standard","meta":{"_lmt_disableupdate":"","_lmt_disable":"","_jetpack_memberships_contains_paid_content":false,"footnotes":""},"categories":[109,47],"tags":[1512],"class_list":["post-21798","post","type-post","status-publish","format-standard","has-post-thumbnail","hentry","category-minuto-a-minuto","category-zona-gris","tag-coronavirus-oaxaca"],"jetpack_featured_media_url":"https:\/\/zonaroja.com.mx\/wp-content\/uploads\/2020\/12\/Covid-intubados.jpg","jetpack_sharing_enabled":true,"_links":{"self":[{"href":"https:\/\/zonaroja.com.mx\/index.php?rest_route=\/wp\/v2\/posts\/21798","targetHints":{"allow":["GET"]}}],"collection":[{"href":"https:\/\/zonaroja.com.mx\/index.php?rest_route=\/wp\/v2\/posts"}],"about":[{"href":"https:\/\/zonaroja.com.mx\/index.php?rest_route=\/wp\/v2\/types\/post"}],"author":[{"embeddable":true,"href":"https:\/\/zonaroja.com.mx\/index.php?rest_route=\/wp\/v2\/users\/2"}],"replies":[{"embeddable":true,"href":"https:\/\/zonaroja.com.mx\/index.php?rest_route=%2Fwp%2Fv2%2Fcomments&post=21798"}],"version-history":[{"count":1,"href":"https:\/\/zonaroja.com.mx\/index.php?rest_route=\/wp\/v2\/posts\/21798\/revisions"}],"predecessor-version":[{"id":21800,"href":"https:\/\/zonaroja.com.mx\/index.php?rest_route=\/wp\/v2\/posts\/21798\/revisions\/21800"}],"wp:featuredmedia":[{"embeddable":true,"href":"https:\/\/zonaroja.com.mx\/index.php?rest_route=\/wp\/v2\/media\/21799"}],"wp:attachment":[{"href":"https:\/\/zonaroja.com.mx\/index.php?rest_route=%2Fwp%2Fv2%2Fmedia&parent=21798"}],"wp:term":[{"taxonomy":"category","embeddable":true,"href":"https:\/\/zonaroja.com.mx\/index.php?rest_route=%2Fwp%2Fv2%2Fcategories&post=21798"},{"taxonomy":"post_tag","embeddable":true,"href":"https:\/\/zonaroja.com.mx\/index.php?rest_route=%2Fwp%2Fv2%2Ftags&post=21798"}],"curies":[{"name":"wp","href":"https:\/\/api.w.org\/{rel}","templated":true}]}}