{"id":21801,"date":"2020-12-29T21:34:56","date_gmt":"2020-12-30T03:34:56","guid":{"rendered":"http:\/\/www.zonaroja.com.mx\/?p=21801"},"modified":"2020-12-29T21:35:00","modified_gmt":"2020-12-30T03:35:00","slug":"denuncian-otra-detencion-arbitraria-de-joven-por-parte-de-policias-de-acatlan","status":"publish","type":"post","link":"https:\/\/zonaroja.com.mx\/?p=21801","title":{"rendered":"Denuncian otra detenci\u00f3n arbitraria de joven por parte de polic\u00edas de Acatl\u00e1n"},"content":{"rendered":"\n<p>Redacci\u00f3n\/Zona Roja.<\/p>\n\n\n\n<p>Oaxaca de Ju\u00e1rez, Oax., 29 de diciembre de 2020.- Un joven de 20 a\u00f1os de edad fue detenido hoy de forma arbitraria por parte de la polic\u00eda municipal de Acatl\u00e1n de P\u00e9rez Figueroa, supuestamente por \u00f3rdenes del edil Ad\u00e1n Maciel, mientras caminaba en la comunidad de Vicente Camalote.<\/p>\n\n\n\n<p>Luego de ser liberado, \u00c1lvaro Amador, quien se encuentra de visita en casa de sus familiares, narr\u00f3 los hechos ocurridos este martes tras regresar de comer en un establecimiento de tacos en compa\u00f1\u00eda de su t\u00eda, la se\u00f1ora Margarita Amador, originaria de la comunidad.<\/p>\n\n\n\n<p>La mujer detall\u00f3 que mientras caminaban por una de las calles de la Vicente Camalote &#8211;donde el pasado 9 de junio un elemento municipal ejecut\u00f3 al adolescente Alexander Mart\u00ednez&#8211; la patrulla municipal 0238 les dio alcance y les cerr\u00f3 el paso.<\/p>\n\n\n\n<p>Sin mediar palabras, un elemento detuvo a \u00c1lvaro, asegurando que eran \u00f3rdenes del edil Ad\u00e1n Maciel, situaci\u00f3n que la mujer trat\u00f3 de impedir, pero al oponerse fue agredida con empujones por los elementos policiales.<\/p>\n\n\n\n<p>El joven indic\u00f3 que antes de llegar a la comandancia, la polic\u00eda realiz\u00f3 un recorrido por varias calles de ese municipio; y aunque no denunci\u00f3 haber recibido alg\u00fan tipo de agresi\u00f3n f\u00edsico, el trato d\u00e9spota y la incertidumbre sobre su integridad hicieron de esos minutos una pesadilla.<\/p>\n\n\n\n<p>\u201cAhora no es posible que uno ya no pueda visitar a la familia\u201d, indic\u00f3 \u00c1lvaro, quien siente miedo por su integridad y de volver a regresar a su municipio de origen.<\/p>\n\n\n\n<p>La t\u00eda expres\u00f3 que la liberaci\u00f3n de \u00c1lvaro se logr\u00f3 por intervenci\u00f3n del diputado local del PRI, Gustavo D\u00edaz S\u00e1nchez, quien es t\u00edo pol\u00edtico del joven.<\/p>\n\n\n\n<p>\u201cAd\u00e1n si me est\u00e1s escuchando, te damos gracias y a la polic\u00eda municipal le damos las gracias por no haberlo matado, como siempre es su costumbre. Estamos indignados. Y no es pol\u00edtica, era la vida de un joven\u201d, manifest\u00f3 el legislador.<\/p>\n\n\n\n<p>Horas antes de lograrse la liberaci\u00f3n de \u00c1lvaro, D\u00edaz S\u00e1nchez subi\u00f3 otro video a sus redes sociales para denunciar el hecho.<\/p>\n\n\n\n<p>A trav\u00e9s del video tambi\u00e9n demand\u00f3 la intervenci\u00f3n de la Fiscal\u00eda General de Oaxaca y responsabiliz\u00f3 a la polic\u00eda municipal de Acatl\u00e1n por cualquier da\u00f1o al joven, luego de existir, seg\u00fan un recuento del diputado, al menos 36 j\u00f3venes v\u00edctimas de homicidio o desaparecidos en ese municipio, donde se relaciona a los elementos policiales con los hechos.<\/p>\n","protected":false},"excerpt":{"rendered":"<p>Redacci\u00f3n\/Zona Roja. Oaxaca de Ju\u00e1rez, Oax., 29 de diciembre de 2020.- Un joven de 20&hellip;<\/p>\n","protected":false},"author":2,"featured_media":14069,"comment_status":"closed","ping_status":"open","sticky":false,"template":"","format":"standard","meta":{"_lmt_disableupdate":"","_lmt_disable":"","_jetpack_memberships_contains_paid_content":false,"footnotes":""},"categories":[109,47],"tags":[187],"class_list":["post-21801","post","type-post","status-publish","format-standard","has-post-thumbnail","hentry","category-minuto-a-minuto","category-zona-gris","tag-acatlan-de-perez-figueroa"],"jetpack_featured_media_url":"https:\/\/zonaroja.com.mx\/wp-content\/uploads\/2020\/06\/Acatl\u00e1n-de-P\u00e9rez-Figueroa.jpg","jetpack_sharing_enabled":true,"_links":{"self":[{"href":"https:\/\/zonaroja.com.mx\/index.php?rest_route=\/wp\/v2\/posts\/21801","targetHints":{"allow":["GET"]}}],"collection":[{"href":"https:\/\/zonaroja.com.mx\/index.php?rest_route=\/wp\/v2\/posts"}],"about":[{"href":"https:\/\/zonaroja.com.mx\/index.php?rest_route=\/wp\/v2\/types\/post"}],"author":[{"embeddable":true,"href":"https:\/\/zonaroja.com.mx\/index.php?rest_route=\/wp\/v2\/users\/2"}],"replies":[{"embeddable":true,"href":"https:\/\/zonaroja.com.mx\/index.php?rest_route=%2Fwp%2Fv2%2Fcomments&post=21801"}],"version-history":[{"count":1,"href":"https:\/\/zonaroja.com.mx\/index.php?rest_route=\/wp\/v2\/posts\/21801\/revisions"}],"predecessor-version":[{"id":21802,"href":"https:\/\/zonaroja.com.mx\/index.php?rest_route=\/wp\/v2\/posts\/21801\/revisions\/21802"}],"wp:featuredmedia":[{"embeddable":true,"href":"https:\/\/zonaroja.com.mx\/index.php?rest_route=\/wp\/v2\/media\/14069"}],"wp:attachment":[{"href":"https:\/\/zonaroja.com.mx\/index.php?rest_route=%2Fwp%2Fv2%2Fmedia&parent=21801"}],"wp:term":[{"taxonomy":"category","embeddable":true,"href":"https:\/\/zonaroja.com.mx\/index.php?rest_route=%2Fwp%2Fv2%2Fcategories&post=21801"},{"taxonomy":"post_tag","embeddable":true,"href":"https:\/\/zonaroja.com.mx\/index.php?rest_route=%2Fwp%2Fv2%2Ftags&post=21801"}],"curies":[{"name":"wp","href":"https:\/\/api.w.org\/{rel}","templated":true}]}}