{"id":21807,"date":"2020-12-30T07:27:52","date_gmt":"2020-12-30T13:27:52","guid":{"rendered":"http:\/\/www.zonaroja.com.mx\/?p=21807"},"modified":"2020-12-30T07:27:56","modified_gmt":"2020-12-30T13:27:56","slug":"pese-rechazos-de-ambientalistas-oaxaca-quinto-mayor-productor-de-plata-del-pais","status":"publish","type":"post","link":"https:\/\/zonaroja.com.mx\/?p=21807","title":{"rendered":"Pese rechazos de ambientalistas, Oaxaca, quinto mayor productor de plata del pa\u00eds"},"content":{"rendered":"\n<p>\u00c1lvaro Morales\/Zona Roja.<\/p>\n\n\n\n<p>Oaxaca de Ju\u00e1rez, Oax., 30 de diciembre de 2020.- Mientras que la Secretar\u00eda de Medio Ambiente y Recursos Naturales (Semarnat) se comprometi\u00f3 a revisar sus observaciones antes de autorizar la Manifestaci\u00f3n de Impacto Ambiental Modalidad Regional (MIA-R) a la empresa minera Cuzcatl\u00e1n, filial de la canadiense Fortuna Silver, que opera en Oaxaca, la C\u00e1mara Minera de M\u00e9xico (Camimex) report\u00f3 que esta entidad, con actividad minera en tres municipios, se ubica como el quinto mayor productor de plata del pa\u00eds.<\/p>\n\n\n\n<p>Luego de la en\u00e9sima jornada de protestas efectuada hace unos d\u00edas en San Jos\u00e9 del Progreso en contra de la operaci\u00f3n y expansi\u00f3n de la minera Cuzcatl\u00e1n, la industria report\u00f3 que durante 2019 en Oaxaca fueron extra\u00eddos 299 mil 276 kilogramos de plata, la quinta cifra m\u00e1s alta de M\u00e9xico.<\/p>\n\n\n\n<p>Del total antes mencionado, 244 mil 739 kilogramos fueron extra\u00eddos de San Jos\u00e9 del Progreso, Ocotl\u00e1n; 53 mil 583 kilogramos m\u00e1s fueron extra\u00eddos de San Pedro Totol\u00e1pam, en el distrito de Tlacolula, y 954 kilogramos m\u00e1s de Ixtl\u00e1n de Ju\u00e1rez, en la Sierra Norte.<\/p>\n\n\n\n<p>Los \u00fanicos estados del pa\u00eds que, de acuerdo con la C\u00e1mara Nacional de Miner\u00eda, superaron a Oaxaca fueron Zacatecas, con dos millones 124 mil kilogramos de plata extra\u00eddos; Chihuahua, con un mill\u00f3n 217 mil kilogramos; Durango, con 819 mil 557 mil kilogramos, y Sonora, con 632 mil 173 kilogramos.<\/p>\n\n\n\n<p>Mientras tanto, la organizaci\u00f3n civil Servicios para una Educaci\u00f3n Alternativa (Educa) report\u00f3 que tras las movilizaciones efectuadas durante los primeros d\u00edas de diciembre en contra de las operaciones de la minera Cuzcatl\u00e1n, la Semarnat se comprometi\u00f3 a revisar sus observaciones antes de aprobar la Manifestaci\u00f3n de Impacto Ambiental Modalidad Regional (MIA-R) a la empresa minera Cuzcatl\u00e1n para el proyecto San Jos\u00e9 II.<\/p>\n\n\n\n<p>El secretario t\u00e9cnico del Colectivo Oaxaque\u00f1o en Defensa de los Territorios, Neftal\u00ed Reyes M\u00e9ndez, inform\u00f3 que las autoridades y pobladores de ocho comunidades que integran el frente No a la Miner\u00eda, durante la reuni\u00f3n en Magdalena Ocotl\u00e1n con funcionarios de la dependencia, manifestaron su inconformidad por la informaci\u00f3n presentada por la empresa minera Cuzcatl\u00e1n en la MIA-R.<\/p>\n\n\n\n<p>En ese sentido, Reyes afirm\u00f3 que el reporte de la empresa contiene \u201cinformaci\u00f3n falsa, pues no declara los impactos acumulativos, sin\u00e9rgicos y residuales por 10 a\u00f1os m\u00e1s de explotaci\u00f3n de plata y oro en los Valles Centrales de Oaxaca\u201d.<\/p>\n\n\n\n<p>Adem\u00e1s, afirm\u00f3 que la \u201cMIA-R presenta informaci\u00f3n sesgada, porque minimiza los impactos producidos por el proyecto minero durante 10 a\u00f1os, en especial la contaminaci\u00f3n del agua, la emisi\u00f3n de polvos, el ruido, la dispersi\u00f3n de la fauna silvestre y el impacto en el paisaje. Independientemente de esto, detall\u00f3 que la MIA-R pretende justificar la construcci\u00f3n de 75 obras edificadas previamente sin autorizaci\u00f3n ambiental\u201d.<\/p>\n\n\n\n<p>Destac\u00f3 que la comisi\u00f3n de funcionarios se comprometi\u00f3 a atender y responder las observaciones del Frente No a la Miner\u00eda en un plazo de 120 d\u00edas.<\/p>\n\n\n\n<p>Adem\u00e1s de la extracci\u00f3n de plata, la industria minera de Oaxaca report\u00f3 la obtenci\u00f3n en 2019 de dos mil 451 kilogramos de oro, mil 522.8 obtenidos de la mina de San Jos\u00e9 del Progreso, 917.2 de San Pedro Totol\u00e1pam y 11.6 de Ixtl\u00e1n de Ju\u00e1rez.<\/p>\n\n\n\n<p>Asimismo, nueve mil 246 toneladas de plomo, mil 858 de cobre y 23 mil 687 de zinc; todo ello, obtenido, mayormente, en San Pedro Totol\u00e1pam.<\/p>\n","protected":false},"excerpt":{"rendered":"<p>\u00c1lvaro Morales\/Zona Roja. Oaxaca de Ju\u00e1rez, Oax., 30 de diciembre de 2020.- Mientras que la&hellip;<\/p>\n","protected":false},"author":2,"featured_media":21808,"comment_status":"closed","ping_status":"open","sticky":false,"template":"","format":"standard","meta":{"_lmt_disableupdate":"","_lmt_disable":"","_jetpack_memberships_contains_paid_content":false,"footnotes":""},"categories":[109,47],"tags":[2326],"class_list":["post-21807","post","type-post","status-publish","format-standard","has-post-thumbnail","hentry","category-minuto-a-minuto","category-zona-gris","tag-compania-minera-cuzcatlan"],"jetpack_featured_media_url":"https:\/\/zonaroja.com.mx\/wp-content\/uploads\/2020\/12\/Minera-Cuzcatlan.jpg","jetpack_sharing_enabled":true,"_links":{"self":[{"href":"https:\/\/zonaroja.com.mx\/index.php?rest_route=\/wp\/v2\/posts\/21807","targetHints":{"allow":["GET"]}}],"collection":[{"href":"https:\/\/zonaroja.com.mx\/index.php?rest_route=\/wp\/v2\/posts"}],"about":[{"href":"https:\/\/zonaroja.com.mx\/index.php?rest_route=\/wp\/v2\/types\/post"}],"author":[{"embeddable":true,"href":"https:\/\/zonaroja.com.mx\/index.php?rest_route=\/wp\/v2\/users\/2"}],"replies":[{"embeddable":true,"href":"https:\/\/zonaroja.com.mx\/index.php?rest_route=%2Fwp%2Fv2%2Fcomments&post=21807"}],"version-history":[{"count":1,"href":"https:\/\/zonaroja.com.mx\/index.php?rest_route=\/wp\/v2\/posts\/21807\/revisions"}],"predecessor-version":[{"id":21809,"href":"https:\/\/zonaroja.com.mx\/index.php?rest_route=\/wp\/v2\/posts\/21807\/revisions\/21809"}],"wp:featuredmedia":[{"embeddable":true,"href":"https:\/\/zonaroja.com.mx\/index.php?rest_route=\/wp\/v2\/media\/21808"}],"wp:attachment":[{"href":"https:\/\/zonaroja.com.mx\/index.php?rest_route=%2Fwp%2Fv2%2Fmedia&parent=21807"}],"wp:term":[{"taxonomy":"category","embeddable":true,"href":"https:\/\/zonaroja.com.mx\/index.php?rest_route=%2Fwp%2Fv2%2Fcategories&post=21807"},{"taxonomy":"post_tag","embeddable":true,"href":"https:\/\/zonaroja.com.mx\/index.php?rest_route=%2Fwp%2Fv2%2Ftags&post=21807"}],"curies":[{"name":"wp","href":"https:\/\/api.w.org\/{rel}","templated":true}]}}