{"id":21810,"date":"2020-12-30T07:35:32","date_gmt":"2020-12-30T13:35:32","guid":{"rendered":"http:\/\/www.zonaroja.com.mx\/?p=21810"},"modified":"2020-12-30T09:08:40","modified_gmt":"2020-12-30T15:08:40","slug":"abre-la-uabjo-sede-de-educacion-a-distancia-en-la-region-canada","status":"publish","type":"post","link":"https:\/\/zonaroja.com.mx\/?p=21810","title":{"rendered":"Abre la UABJO sede de educaci\u00f3n a distancia en la regi\u00f3n Ca\u00f1ada"},"content":{"rendered":"\n<p>Redacci\u00f3n\/Zona Roja.<\/p>\n\n\n\n<p>Oaxaca de Ju\u00e1rez, Oax., 30 de diciembre de 2020.- La Universidad Aut\u00f3noma \u201cBenito Ju\u00e1rez\u201d de Oaxaca (UABJO) abri\u00f3 una sede del Centro de Educaci\u00f3n Continua Abierta y a Distancia de nuestra M\u00e1xima Casa de Estudios (CECAD) en la regi\u00f3n Ca\u00f1ada de Oaxaca.<\/p>\n\n\n\n<p>Al acto inaugural efectuado en el municipio de Santa Mar\u00eda Chilchotla, acudi\u00f3 el rector de la m\u00e1xima casa de estudios, Eduardo Bautistas Mart\u00ednez, quien expres\u00f3 su benepl\u00e1cito por esta expansi\u00f3n y con lo que suman 11 centros de este tipo en el interior del estado.<\/p>\n\n\n\n<p>Para ello se firm\u00f3 un convenio de colaboraci\u00f3n entre la directora del CECAD, Irma Yolanda Ortiz Acosta, y el presidente municipal de la localidad de la etnia Mazateca, Salvador Mart\u00ednez Escobedo, con la presencia federal diputado Armando Contreras Castillo.<\/p>\n\n\n\n<p>Bautista Mart\u00ednez celebr\u00f3 los resultados de la colaboraci\u00f3n con el municipio, acci\u00f3n que acercar\u00e1 los programas educativos que oferta la Universidad, tal como lo realiza con otras diez comunidades.<\/p>\n\n\n\n<p>Esto conforme al primer eje del Plan Institucional de Desarrollo (PID-2016-2020), el cual proyecta diversas acciones en las que sobresalen: la Ampliaci\u00f3n de la cobertura regional de la Universidad y la Diversificaci\u00f3n de la oferta educativa presencial, abierta y a distancia.<\/p>\n\n\n\n<p>En su mensaje, la directora del CECAD manifest\u00f3 su benepl\u00e1cito por un logro m\u00e1s de su administraci\u00f3n, el cual representa una posibilidad de estudio para las personas sin salir de su comunidad, llevando consigo m\u00faltiples beneficios, educativos y econ\u00f3micos, principalmente.<\/p>\n\n\n\n<p>Por su parte, el presidente municipal reafirm\u00f3 su compromiso con la educaci\u00f3n y su comunidad e inform\u00f3 que, si bien, este m\u00f3dulo no se hab\u00eda inaugurado oficialmente, desde septiembre comenzaron los procesos de admisi\u00f3n de quienes integrar\u00e1n la primera generaci\u00f3n de estudiantes.<\/p>\n\n\n\n<p>El acto concluy\u00f3 un recorrido por las instalaciones del Centro, el cual est\u00e1 equipado con computadoras, internet, proyector y otros recursos tecnol\u00f3gicos necesarios para los procesos de formaci\u00f3n a distancia.<\/p>\n\n\n\n<p>Con este nuevo m\u00f3dulo, son ya 11 sedes del CECAD-UABJO, distribuidas en diversas comunidades del estado, que ofrecen estudios en el programa de bachillerato virtual, ocho licenciaturas a distancia y la maestr\u00eda en l\u00ednea: Sistema Penal Acusatorio Adversarial.<\/p>\n","protected":false},"excerpt":{"rendered":"<p>Redacci\u00f3n\/Zona Roja. Oaxaca de Ju\u00e1rez, Oax., 30 de diciembre de 2020.- La Universidad Aut\u00f3noma \u201cBenito&hellip;<\/p>\n","protected":false},"author":2,"featured_media":21811,"comment_status":"closed","ping_status":"open","sticky":false,"template":"","format":"standard","meta":{"_lmt_disableupdate":"","_lmt_disable":"","_jetpack_memberships_contains_paid_content":false,"footnotes":""},"categories":[109,46],"tags":[360,282],"class_list":["post-21810","post","type-post","status-publish","format-standard","has-post-thumbnail","hentry","category-minuto-a-minuto","category-zona-blanca","tag-rector-eduardo-bautista-martinez","tag-universidad-autonoma-benito-juarez-de-oaxaca"],"jetpack_featured_media_url":"https:\/\/zonaroja.com.mx\/wp-content\/uploads\/2020\/12\/CECAD-UABJO-Chilchotla.jpg","jetpack_sharing_enabled":true,"_links":{"self":[{"href":"https:\/\/zonaroja.com.mx\/index.php?rest_route=\/wp\/v2\/posts\/21810","targetHints":{"allow":["GET"]}}],"collection":[{"href":"https:\/\/zonaroja.com.mx\/index.php?rest_route=\/wp\/v2\/posts"}],"about":[{"href":"https:\/\/zonaroja.com.mx\/index.php?rest_route=\/wp\/v2\/types\/post"}],"author":[{"embeddable":true,"href":"https:\/\/zonaroja.com.mx\/index.php?rest_route=\/wp\/v2\/users\/2"}],"replies":[{"embeddable":true,"href":"https:\/\/zonaroja.com.mx\/index.php?rest_route=%2Fwp%2Fv2%2Fcomments&post=21810"}],"version-history":[{"count":2,"href":"https:\/\/zonaroja.com.mx\/index.php?rest_route=\/wp\/v2\/posts\/21810\/revisions"}],"predecessor-version":[{"id":21819,"href":"https:\/\/zonaroja.com.mx\/index.php?rest_route=\/wp\/v2\/posts\/21810\/revisions\/21819"}],"wp:featuredmedia":[{"embeddable":true,"href":"https:\/\/zonaroja.com.mx\/index.php?rest_route=\/wp\/v2\/media\/21811"}],"wp:attachment":[{"href":"https:\/\/zonaroja.com.mx\/index.php?rest_route=%2Fwp%2Fv2%2Fmedia&parent=21810"}],"wp:term":[{"taxonomy":"category","embeddable":true,"href":"https:\/\/zonaroja.com.mx\/index.php?rest_route=%2Fwp%2Fv2%2Fcategories&post=21810"},{"taxonomy":"post_tag","embeddable":true,"href":"https:\/\/zonaroja.com.mx\/index.php?rest_route=%2Fwp%2Fv2%2Ftags&post=21810"}],"curies":[{"name":"wp","href":"https:\/\/api.w.org\/{rel}","templated":true}]}}