{"id":21816,"date":"2020-12-30T08:01:13","date_gmt":"2020-12-30T14:01:13","guid":{"rendered":"http:\/\/www.zonaroja.com.mx\/?p=21816"},"modified":"2020-12-30T08:01:18","modified_gmt":"2020-12-30T14:01:18","slug":"inverosimiles-explicaciones-de-cfe-sobre-caida-del-sistema-electrico","status":"publish","type":"post","link":"https:\/\/zonaroja.com.mx\/?p=21816","title":{"rendered":"Inveros\u00edmiles explicaciones de CFE sobre ca\u00edda del sistema el\u00e9ctrico"},"content":{"rendered":"\n<p>Redacci\u00f3n\/Zona Roja Cdmx.<\/p>\n\n\n\n<p>Ciudad de M\u00e9xico, 30 de diciembre de 2020.- El apag\u00f3n en 15 entidades federativas y distintas alcald\u00edas del Valle de M\u00e9xico suscitado el lunes fue generado por un incendio en el municipio de Padilla, a 20 kil\u00f3metros de la ciudad de Victoria, Tamaulipas, ocasionado por los vientos del Frente Fr\u00edo n\u00famero 23, inform\u00f3 No\u00e9 Pe\u00f1a, director corporativo de transmisi\u00f3n de la Comisi\u00f3n Federal de Electricidad (CFE).<\/p>\n\n\n\n<p>\u201cTuvimos el efecto del Frente Fr\u00edo n\u00famero 23 que nos trae fuertes vientos, y se inicia un incendio importante en 30 hect\u00e1reas de pastizales en el municipio de Padilla, a 20 kil\u00f3metros de la ciudad de Victoria, Tamaulipas\u201d, coment\u00f3 el directivo en videoconferencia.<\/p>\n\n\n\n<p>Explic\u00f3 que los incendios provocan ionizaci\u00f3n del aire, lo que significa que hay una falla entre los conductores de las l\u00edneas de transmisi\u00f3n y distribuci\u00f3n, y la parte de la superficie de la tierra.<\/p>\n\n\n\n<p>\u201cEn el momento que hay ese incendio, se nos sale de servicio una l\u00ednea entre Linares y Ciudad Victoria\u201d, detall\u00f3. Expuso que la salida de l\u00ednea hizo que se interrumpiera el flujo que se llevaba de 900 Megawatts que fluyen desde Monterrey hacia el \u00e1rea de Tampico.<\/p>\n\n\n\n<p>\u201cSe nos va una l\u00ednea y un minuto despu\u00e9s se va la segunda l\u00ednea por los efectos de este incendio, de tal forma que nos desenlazamos con esa trayectoria entre Monterrey y Ciudad Victoria, Monterrey y Tampico, y eso provoca que haya una serie de variaci\u00f3n entre la demanda y la generaci\u00f3n que tenemos en el \u00e1rea noreste\u201d, indic\u00f3.<\/p>\n\n\n\n<p>DESCONOCEN INCENDIO<\/p>\n\n\n\n<p>Sin embargo, Pedro Granados Ram\u00edrez, coordinador de Protecci\u00f3n Civil de Tamaulipas, desconoci\u00f3 tanto el incendio como un oficio presentado por CFE donde se registr\u00f3 la relator\u00eda de hechos.<\/p>\n\n\n\n<p>\u201cDe hecho a las horas y formas en que se indica en ese documento, nosotros desconocemos eso\u201d, dijo a \u201cEl Financiero\u201d.<\/p>\n\n\n\n<p>Por otra parte, Manuel Bartlett, director de la CFE, reiter\u00f3 que se trat\u00f3 de un \u201cevento fortuito\u201d y probado, sin embargo, Carlos Mel\u00e9ndez, director del Centro Nacional del Control de Energ\u00eda (Cenace), coment\u00f3 que el sistema era d\u00e9bil por la alta generaci\u00f3n de energ\u00eda renovable.<\/p>\n\n\n\n<p>\u201cTenemos una integraci\u00f3n hist\u00f3rica de generaci\u00f3n renovable intermitente, de 28.13 por ciento el d\u00eda del evento\u201d, declar\u00f3.<\/p>\n\n\n\n<p>\u201cEl sistema era d\u00e9bil por la alta integraci\u00f3n de energ\u00eda renovable y por las l\u00edneas de transmisi\u00f3n que quedaron fuera de servicio, por lo cual se present\u00f3 una inestabilidad en el sistema interconectado nacional, agreg\u00f3.<\/p>\n\n\n\n<p>Ver\u00f3nica Irastorza directora asociada de NERA, mencion\u00f3 que las plantas renovables tienen baja participaci\u00f3n en el sistema el\u00e9ctrico nacional de M\u00e9xico, ya que representan alrededor de 7 por ciento de la generaci\u00f3n, cuando en Irlanda, Dinamarca e Uruguay llega a m\u00e1s del 30 por ciento.<\/p>\n\n\n\n<p>EXPLICACIONES ABSURDAS<\/p>\n\n\n\n<p>Lourdes Melgar, investigadora del MIT, expres\u00f3 en Twitter que \u201cla explicaci\u00f3n sobre #ApagonNacional es absurda. Busca culpar a las renovables y, de paso a un marco regulatorio, por un incendio (\u00bf?), en lugar de enfocarse en la falta de redundancia de la red de transmisi\u00f3n o la operaci\u00f3n llevada a l\u00edmites t\u00e9rmicos\u201d.<\/p>\n\n\n\n<p>Paul S\u00e1nchez, analista del sector energ\u00e9tico, coment\u00f3 que en la versi\u00f3n que dio la CFE sobre las causas del apag\u00f3n triunf\u00f3 la ret\u00f3rica pol\u00edtica sobre el pragmatismo t\u00e9cnico.<\/p>\n\n\n\n<p>\u201cNo me satisface t\u00e9cnicamente la explicaci\u00f3n y creo que est\u00e1n haciendo gala de la situaci\u00f3n para mover el discurso de las renovables y con eso disminuir la participaci\u00f3n de estas y aumentar la participaci\u00f3n de la generaci\u00f3n base de CFE\u201d, se\u00f1al\u00f3 el especialista.<\/p>\n\n\n\n<p>EL PROBLEMA ES LA RED<\/p>\n\n\n\n<p>Paolo Salerno, socio de Salerno y Asociados, expuso que lo m\u00e1s probable es que el apag\u00f3n lo haya generado una sobrecarga en las l\u00edneas de transmisi\u00f3n, porque son viejas y se encuentran saturadas.<\/p>\n\n\n\n<p>\u201cHay un problema de base, que es que las l\u00edneas de transmisi\u00f3n y distribuci\u00f3n son muy viejas, que son fruto de una falta de inversi\u00f3n que viene desde hace tiempo, no es culpa de este gobierno viene desde antes. Debemos ser conscientes de que el sistema necesita inversi\u00f3n en estas \u00e1reas\u201d, coment\u00f3.<\/p>\n\n\n\n<p>Por su parte, Casiopea Ram\u00edrez, socia de Fresh Energy, dijo que es necesario reforzar la red para que tenga mayor redundancia, \u201cse requiere retomar los proyectos autorizados de expansi\u00f3n de la red, particularmente en las regiones afectadas como Tamaulipas o Sonora-Sinaloa, y verificar el cumplimiento del c\u00f3digo de red de las centrales\u201d, explic\u00f3.<\/p>\n\n\n\n<p>(Informaci\u00f3n de \u201cEl Financiero\u201d)<\/p>\n","protected":false},"excerpt":{"rendered":"<p>Redacci\u00f3n\/Zona Roja Cdmx. Ciudad de M\u00e9xico, 30 de diciembre de 2020.- El apag\u00f3n en 15&hellip;<\/p>\n","protected":false},"author":2,"featured_media":21817,"comment_status":"closed","ping_status":"open","sticky":false,"template":"","format":"standard","meta":{"_lmt_disableupdate":"","_lmt_disable":"","_jetpack_memberships_contains_paid_content":false,"footnotes":""},"categories":[109,47],"tags":[1058],"class_list":["post-21816","post","type-post","status-publish","format-standard","has-post-thumbnail","hentry","category-minuto-a-minuto","category-zona-gris","tag-comision-federal-de-electricidad"],"jetpack_featured_media_url":"https:\/\/zonaroja.com.mx\/wp-content\/uploads\/2020\/12\/Apagon-CFE.jpg","jetpack_sharing_enabled":true,"_links":{"self":[{"href":"https:\/\/zonaroja.com.mx\/index.php?rest_route=\/wp\/v2\/posts\/21816","targetHints":{"allow":["GET"]}}],"collection":[{"href":"https:\/\/zonaroja.com.mx\/index.php?rest_route=\/wp\/v2\/posts"}],"about":[{"href":"https:\/\/zonaroja.com.mx\/index.php?rest_route=\/wp\/v2\/types\/post"}],"author":[{"embeddable":true,"href":"https:\/\/zonaroja.com.mx\/index.php?rest_route=\/wp\/v2\/users\/2"}],"replies":[{"embeddable":true,"href":"https:\/\/zonaroja.com.mx\/index.php?rest_route=%2Fwp%2Fv2%2Fcomments&post=21816"}],"version-history":[{"count":1,"href":"https:\/\/zonaroja.com.mx\/index.php?rest_route=\/wp\/v2\/posts\/21816\/revisions"}],"predecessor-version":[{"id":21818,"href":"https:\/\/zonaroja.com.mx\/index.php?rest_route=\/wp\/v2\/posts\/21816\/revisions\/21818"}],"wp:featuredmedia":[{"embeddable":true,"href":"https:\/\/zonaroja.com.mx\/index.php?rest_route=\/wp\/v2\/media\/21817"}],"wp:attachment":[{"href":"https:\/\/zonaroja.com.mx\/index.php?rest_route=%2Fwp%2Fv2%2Fmedia&parent=21816"}],"wp:term":[{"taxonomy":"category","embeddable":true,"href":"https:\/\/zonaroja.com.mx\/index.php?rest_route=%2Fwp%2Fv2%2Fcategories&post=21816"},{"taxonomy":"post_tag","embeddable":true,"href":"https:\/\/zonaroja.com.mx\/index.php?rest_route=%2Fwp%2Fv2%2Ftags&post=21816"}],"curies":[{"name":"wp","href":"https:\/\/api.w.org\/{rel}","templated":true}]}}