{"id":21820,"date":"2020-12-30T12:11:17","date_gmt":"2020-12-30T18:11:17","guid":{"rendered":"http:\/\/www.zonaroja.com.mx\/?p=21820"},"modified":"2020-12-30T12:11:21","modified_gmt":"2020-12-30T18:11:21","slug":"ninas-y-ninos-con-cancer-en-oaxaca-buscan-donadores-de-plaquetas","status":"publish","type":"post","link":"https:\/\/zonaroja.com.mx\/?p=21820","title":{"rendered":"Ni\u00f1as y ni\u00f1os con c\u00e1ncer en Oaxaca buscan donadores de plaquetas"},"content":{"rendered":"\n<p>Evlin Arag\u00f3n\/Zona Roja.<\/p>\n\n\n\n<p>Oaxaca de Ju\u00e1rez, Oax., 20 de diciembre de 2020.- \u201cSoy Isabella, tengo 11 a\u00f1os, soy paciente del Hospital de la Ni\u00f1ez Oaxaque\u00f1a con diagn\u00f3stico de Leucemia Linfobl\u00e1stica y necesito con urgencia donadores de sangre y plaquetas, por favor ay\u00fadame\u201d.&nbsp;<\/p>\n\n\n\n<p>Se trata de uno de los mensajes, de diez ni\u00f1as y ni\u00f1os que pese a su corta edad, se enfrentan a la dura prueba de sufrir c\u00e1ncer y otros padecimientos graves, y que actualmente reciben atenci\u00f3n en el Hospital de la Ni\u00f1ez Oaxaque\u00f1a, ubicado en San Bartolo Coyotepec.<\/p>\n\n\n\n<p>Sus familias han decidido hacer uso de las redes sociales para solicitar el apoyo de la ciudadan\u00eda, con la intenci\u00f3n de obtener la sangre, plaquetas y plasma que requieren para continuar con sus respectivos tratamientos.&nbsp;<\/p>\n\n\n\n<p>\u201cMe llamo Yaret Alitzel, tengo cuatro a\u00f1itos, soy paciente del Hospital de la Ni\u00f1ez Oaxaque\u00f1a ya que recientemente fui diagnosticada con leucemia y necesito donadores de sangre y plaqueta con urgencia\u201d, refiere otra de las infograf\u00edas que ya se comparten v\u00eda Facebook, en la p\u00e1gina Con Causa.&nbsp;<\/p>\n\n\n\n<p>A la lista se une Dulce Gabriela, de cuatro a\u00f1os de edad, originaria de Nochixtl\u00e1n; Ricardo Jira, de dos a\u00f1os de edad, originario de la regi\u00f3n de la Costa; Meredhy, de cinco a\u00f1os de edad; Luis El\u00edas, de dos a\u00f1os de edad, originario de la Mixteca; as\u00ed como Casandra y Diego, ambos de 15 a\u00f1os de edad, diagnosticado con Leucemia y con urgencia de donantes de sangre y plaquetas.&nbsp;<\/p>\n\n\n\n<p>De igual forma Lucas, de cinco a\u00f1os de edad, quien padece deficiencia de prote\u00edna C por lo que busca donadores de plasma; caso similar al de Lunita, una beb\u00e9 que tambi\u00e9n requiere constantemente transfusiones del l\u00edquido.&nbsp;<\/p>\n\n\n\n<p>\u201cHola, soy Lucas, tengo cinco a\u00f1itos, soy paciente del Hospital de la Ni\u00f1ez Oaxaque\u00f1a, padezco Deficiencia de Prote\u00edna C por lo que busco donadores de plasma. Si quieres convertirte en mi angelito de la guarda contacta a mi mam\u00e1\u201d, refiere la imagen acompa\u00f1ada de la foto del peque\u00f1o.&nbsp;<\/p>\n\n\n\n<p>Todas las im\u00e1genes incluyen el contacto telef\u00f3nico de las familias, con la intenci\u00f3n de establecer comunicaci\u00f3n directa en cada caso, sin embargo, para mayores informes pueden comunicarse a los tel\u00e9fonos 951 106 65 98 y 951 161 7365.<\/p>\n\n\n\n<p>\u201cSon varios los ni\u00f1os del Hospital de la Ni\u00f1ez Oaxaque\u00f1a \u2018Dr. Guillermo Z\u00e1rate Mijangos\u2019 que requieren sangre, plasma y plaquetas con urgencia, cont\u00e1ctanos para m\u00e1s informaci\u00f3n y convi\u00e9rtete en h\u00e9roe salvando vidas\u201d, refieren en las redes sociales.&nbsp;<\/p>\n","protected":false},"excerpt":{"rendered":"<p>Evlin Arag\u00f3n\/Zona Roja. Oaxaca de Ju\u00e1rez, Oax., 20 de diciembre de 2020.- \u201cSoy Isabella, tengo&hellip;<\/p>\n","protected":false},"author":2,"featured_media":21821,"comment_status":"closed","ping_status":"open","sticky":false,"template":"","format":"standard","meta":{"_lmt_disableupdate":"","_lmt_disable":"","_jetpack_memberships_contains_paid_content":false,"footnotes":""},"categories":[109,47],"tags":[],"class_list":["post-21820","post","type-post","status-publish","format-standard","has-post-thumbnail","hentry","category-minuto-a-minuto","category-zona-gris"],"jetpack_featured_media_url":"https:\/\/zonaroja.com.mx\/wp-content\/uploads\/2020\/12\/Donadores-plaquetas.jpg","jetpack_sharing_enabled":true,"_links":{"self":[{"href":"https:\/\/zonaroja.com.mx\/index.php?rest_route=\/wp\/v2\/posts\/21820","targetHints":{"allow":["GET"]}}],"collection":[{"href":"https:\/\/zonaroja.com.mx\/index.php?rest_route=\/wp\/v2\/posts"}],"about":[{"href":"https:\/\/zonaroja.com.mx\/index.php?rest_route=\/wp\/v2\/types\/post"}],"author":[{"embeddable":true,"href":"https:\/\/zonaroja.com.mx\/index.php?rest_route=\/wp\/v2\/users\/2"}],"replies":[{"embeddable":true,"href":"https:\/\/zonaroja.com.mx\/index.php?rest_route=%2Fwp%2Fv2%2Fcomments&post=21820"}],"version-history":[{"count":1,"href":"https:\/\/zonaroja.com.mx\/index.php?rest_route=\/wp\/v2\/posts\/21820\/revisions"}],"predecessor-version":[{"id":21822,"href":"https:\/\/zonaroja.com.mx\/index.php?rest_route=\/wp\/v2\/posts\/21820\/revisions\/21822"}],"wp:featuredmedia":[{"embeddable":true,"href":"https:\/\/zonaroja.com.mx\/index.php?rest_route=\/wp\/v2\/media\/21821"}],"wp:attachment":[{"href":"https:\/\/zonaroja.com.mx\/index.php?rest_route=%2Fwp%2Fv2%2Fmedia&parent=21820"}],"wp:term":[{"taxonomy":"category","embeddable":true,"href":"https:\/\/zonaroja.com.mx\/index.php?rest_route=%2Fwp%2Fv2%2Fcategories&post=21820"},{"taxonomy":"post_tag","embeddable":true,"href":"https:\/\/zonaroja.com.mx\/index.php?rest_route=%2Fwp%2Fv2%2Ftags&post=21820"}],"curies":[{"name":"wp","href":"https:\/\/api.w.org\/{rel}","templated":true}]}}