{"id":21823,"date":"2020-12-30T12:20:06","date_gmt":"2020-12-30T18:20:06","guid":{"rendered":"http:\/\/www.zonaroja.com.mx\/?p=21823"},"modified":"2020-12-30T12:20:12","modified_gmt":"2020-12-30T18:20:12","slug":"ataque-armado-deja-un-muerto-en-tuxtepec-en-penultimo-dia-del-ano","status":"publish","type":"post","link":"https:\/\/zonaroja.com.mx\/?p=21823","title":{"rendered":"Ataque armado deja un muerto en Tuxtepec, en pen\u00faltimo d\u00eda del a\u00f1o"},"content":{"rendered":"\n<p>Redacci\u00f3n\/Zona Roja.<\/p>\n\n\n\n<p>Oaxaca de Ju\u00e1rez, Oax., 30 de diciembre de 2020.- Un nuevo ataque armado se registr\u00f3 este mi\u00e9rcoles en calles de la zona centro de San Juan Bautista Tuxtepec, en la regi\u00f3n Cuenca, que dej\u00f3 como saldo a una persona sin vida.<\/p>\n\n\n\n<p>El hecho violento ocurri\u00f3 minutos antes de las 11:00 horas, en la calle Daniel Soto, en la colonia Mar\u00eda Luisa, dentro del establecimiento de una funeraria denominada \u201cDel \u00c1ngel\u201d, donde la v\u00edctima laboraba.<\/p>\n\n\n\n<p>De acuerdo al reporte policial, hombres armados arribaron al lugar para abrir fuego contra el var\u00f3n, quien sobrevivi\u00f3 y logr\u00f3 ser atendido para su traslado a servicios m\u00e9dicos; sin embargo, ante las graves heridas en el t\u00f3rax, falleci\u00f3 minutos despu\u00e9s.<\/p>\n\n\n\n<p>La v\u00edctima fue identificada como Jos\u00e9 Luis V. B., quien era oriundo de Tuxtepec.<\/p>\n\n\n\n<p>Al lugar de los hechos arribaron elementos de la Polic\u00eda Municipal y Estatal, as\u00ed como la Cruz Roja Mexicana, quien brind\u00f3 el servicio de traslado.<\/p>\n\n\n\n<p>Hasta el momento no se reporta la detenci\u00f3n de personas y personal de la Vicefiscal\u00eda Regional de la Cuenca inici\u00f3 las indagatorias correspondientes.<\/p>\n","protected":false},"excerpt":{"rendered":"<p>Redacci\u00f3n\/Zona Roja. Oaxaca de Ju\u00e1rez, Oax., 30 de diciembre de 2020.- Un nuevo ataque armado&hellip;<\/p>\n","protected":false},"author":2,"featured_media":21824,"comment_status":"closed","ping_status":"open","sticky":false,"template":"","format":"standard","meta":{"_lmt_disableupdate":"","_lmt_disable":"","_jetpack_memberships_contains_paid_content":false,"footnotes":""},"categories":[109,51],"tags":[118],"class_list":["post-21823","post","type-post","status-publish","format-standard","has-post-thumbnail","hentry","category-minuto-a-minuto","category-zona-roja","tag-san-juan-bautista-tuxtepec"],"jetpack_featured_media_url":"https:\/\/zonaroja.com.mx\/wp-content\/uploads\/2020\/12\/Ejecutado-Tuxtepec-30dic.jpg","jetpack_sharing_enabled":true,"_links":{"self":[{"href":"https:\/\/zonaroja.com.mx\/index.php?rest_route=\/wp\/v2\/posts\/21823","targetHints":{"allow":["GET"]}}],"collection":[{"href":"https:\/\/zonaroja.com.mx\/index.php?rest_route=\/wp\/v2\/posts"}],"about":[{"href":"https:\/\/zonaroja.com.mx\/index.php?rest_route=\/wp\/v2\/types\/post"}],"author":[{"embeddable":true,"href":"https:\/\/zonaroja.com.mx\/index.php?rest_route=\/wp\/v2\/users\/2"}],"replies":[{"embeddable":true,"href":"https:\/\/zonaroja.com.mx\/index.php?rest_route=%2Fwp%2Fv2%2Fcomments&post=21823"}],"version-history":[{"count":1,"href":"https:\/\/zonaroja.com.mx\/index.php?rest_route=\/wp\/v2\/posts\/21823\/revisions"}],"predecessor-version":[{"id":21825,"href":"https:\/\/zonaroja.com.mx\/index.php?rest_route=\/wp\/v2\/posts\/21823\/revisions\/21825"}],"wp:featuredmedia":[{"embeddable":true,"href":"https:\/\/zonaroja.com.mx\/index.php?rest_route=\/wp\/v2\/media\/21824"}],"wp:attachment":[{"href":"https:\/\/zonaroja.com.mx\/index.php?rest_route=%2Fwp%2Fv2%2Fmedia&parent=21823"}],"wp:term":[{"taxonomy":"category","embeddable":true,"href":"https:\/\/zonaroja.com.mx\/index.php?rest_route=%2Fwp%2Fv2%2Fcategories&post=21823"},{"taxonomy":"post_tag","embeddable":true,"href":"https:\/\/zonaroja.com.mx\/index.php?rest_route=%2Fwp%2Fv2%2Ftags&post=21823"}],"curies":[{"name":"wp","href":"https:\/\/api.w.org\/{rel}","templated":true}]}}