{"id":21826,"date":"2020-12-30T17:16:25","date_gmt":"2020-12-30T23:16:25","guid":{"rendered":"http:\/\/www.zonaroja.com.mx\/?p=21826"},"modified":"2020-12-30T17:16:31","modified_gmt":"2020-12-30T23:16:31","slug":"david-concha-presenta-renuncia-como-director-de-administracion-de-los-sso","status":"publish","type":"post","link":"https:\/\/zonaroja.com.mx\/?p=21826","title":{"rendered":"David Concha presenta renuncia como director de Administraci\u00f3n de los SSO"},"content":{"rendered":"\n<p>Redacci\u00f3n\/Zona Roja.<\/p>\n\n\n\n<p>Oaxaca de Ju\u00e1rez, Oax., 30 de diciembre de 2020.- Este mi\u00e9rcoles, David Concha Su\u00e1rez present\u00f3 su renuncia al cargo de director de Administraci\u00f3n de los Servicios de Salud de Oaxaca (SSO), decisi\u00f3n que fue consecuencia de constantes mesas de di\u00e1logo con el titular, Donato Casas Escamilla, sobre la situaci\u00f3n financiera de la dependencia.<\/p>\n\n\n\n<p>En el oficio entregado a Casas Escamilla a dos d\u00edas de terminar el a\u00f1o, David Concha agradeci\u00f3 la confianza que tanto el titular de los SSO como Mart\u00edn Mathus pusieron en su persona para ostentar dicho cargo.<\/p>\n\n\n\n<p>Tambi\u00e9n, mediante sus redes sociales, asegur\u00f3 que en el tiempo que estuvo al frente de la Direcci\u00f3n de Administraci\u00f3n, \u201csostuvo siempre las puertas abiertas para dialogar con los diferentes sindicatos y representaciones gremiales\u201d.<\/p>\n\n\n\n<p>Aunado a ello, ofreci\u00f3 una disculpa \u201csi en alguna ocasi\u00f3n no pude llenar las expectativas o peticiones, muchas veces es imposible tomar decisiones fuera del marco normativo y anteponiendo la responsabilidad que implica\u201d.<\/p>\n\n\n\n<p>\u201cSoy profesional pero las decisiones pasaron por encima de m\u00ed, gracias por el respaldo brindado, estoy seguro que en breve nos encontraremos en este corto camino de la pol\u00edtica. Le reitero mis respetos y agradecimientos\u201d, destac\u00f3 el ahora ex funcionario.<\/p>\n","protected":false},"excerpt":{"rendered":"<p>Redacci\u00f3n\/Zona Roja. Oaxaca de Ju\u00e1rez, Oax., 30 de diciembre de 2020.- Este mi\u00e9rcoles, David Concha&hellip;<\/p>\n","protected":false},"author":2,"featured_media":21827,"comment_status":"closed","ping_status":"open","sticky":false,"template":"","format":"standard","meta":{"_lmt_disableupdate":"","_lmt_disable":"","_jetpack_memberships_contains_paid_content":false,"footnotes":""},"categories":[109,46],"tags":[2199],"class_list":["post-21826","post","type-post","status-publish","format-standard","has-post-thumbnail","hentry","category-minuto-a-minuto","category-zona-blanca","tag-david-concha-suarez"],"jetpack_featured_media_url":"https:\/\/zonaroja.com.mx\/wp-content\/uploads\/2020\/12\/David-Concha.png","jetpack_sharing_enabled":true,"_links":{"self":[{"href":"https:\/\/zonaroja.com.mx\/index.php?rest_route=\/wp\/v2\/posts\/21826","targetHints":{"allow":["GET"]}}],"collection":[{"href":"https:\/\/zonaroja.com.mx\/index.php?rest_route=\/wp\/v2\/posts"}],"about":[{"href":"https:\/\/zonaroja.com.mx\/index.php?rest_route=\/wp\/v2\/types\/post"}],"author":[{"embeddable":true,"href":"https:\/\/zonaroja.com.mx\/index.php?rest_route=\/wp\/v2\/users\/2"}],"replies":[{"embeddable":true,"href":"https:\/\/zonaroja.com.mx\/index.php?rest_route=%2Fwp%2Fv2%2Fcomments&post=21826"}],"version-history":[{"count":1,"href":"https:\/\/zonaroja.com.mx\/index.php?rest_route=\/wp\/v2\/posts\/21826\/revisions"}],"predecessor-version":[{"id":21828,"href":"https:\/\/zonaroja.com.mx\/index.php?rest_route=\/wp\/v2\/posts\/21826\/revisions\/21828"}],"wp:featuredmedia":[{"embeddable":true,"href":"https:\/\/zonaroja.com.mx\/index.php?rest_route=\/wp\/v2\/media\/21827"}],"wp:attachment":[{"href":"https:\/\/zonaroja.com.mx\/index.php?rest_route=%2Fwp%2Fv2%2Fmedia&parent=21826"}],"wp:term":[{"taxonomy":"category","embeddable":true,"href":"https:\/\/zonaroja.com.mx\/index.php?rest_route=%2Fwp%2Fv2%2Fcategories&post=21826"},{"taxonomy":"post_tag","embeddable":true,"href":"https:\/\/zonaroja.com.mx\/index.php?rest_route=%2Fwp%2Fv2%2Ftags&post=21826"}],"curies":[{"name":"wp","href":"https:\/\/api.w.org\/{rel}","templated":true}]}}