{"id":21829,"date":"2020-12-30T18:16:49","date_gmt":"2020-12-31T00:16:49","guid":{"rendered":"http:\/\/www.zonaroja.com.mx\/?p=21829"},"modified":"2020-12-30T18:16:53","modified_gmt":"2020-12-31T00:16:53","slug":"solo-de-lunes-a-viernes-daran-los-sso-informes-sobre-covid-19","status":"publish","type":"post","link":"https:\/\/zonaroja.com.mx\/?p=21829","title":{"rendered":"S\u00f3lo de lunes a viernes dar\u00e1n los SSO informes sobre Covid-19"},"content":{"rendered":"\n<p>Redacci\u00f3n\/Zona Roja.<\/p>\n\n\n\n<p>Oaxaca de Ju\u00e1rez, Oax. 30 de diciembre de 2020.- Los Servicios de Salud de Oaxaca (SSO), dieron a conocer que por acuerdo del Comit\u00e9 Estatal de Seguridad en Salud (CESS), los informes del corte epidemiol\u00f3gico de Covid-19 se dar\u00e1 a conocer de lunes a viernes, a las 19:45 horas, a trav\u00e9s de la se\u00f1al de la Corporaci\u00f3n Oaxaque\u00f1a de Radio y Televisi\u00f3n (Cortv).<\/p>\n\n\n\n<p>Por lo que el bolet\u00edn informativo de la emergencia sanitaria generada por el virus SARS-CoV2, quedar\u00e1 suspendido los fines de semana y d\u00edas festivos, expuso la instituci\u00f3n en un comunicado de prensa.<\/p>\n\n\n\n<p>Lo anterior, dijo, con el fin de medir de manera eficiente la evoluci\u00f3n de la pandemia, actualizar indicadores y tener una mejor cobertura en la recopilaci\u00f3n de datos, muestras procesadas y casos.<\/p>\n\n\n\n<p>A\u00f1adi\u00f3 que con la finalidad de crear conciencia en la ciudadan\u00eda sobre el cuidado de su salud, los d\u00edas s\u00e1bados en el mismo horario y a trav\u00e9s de la se\u00f1al de Cortv, especialistas en materia de salud impartir\u00e1n temas relacionados a la pandemia generada por Covid-19.<\/p>\n\n\n\n<p>Asimismo, la dependencia la poblaci\u00f3n podr\u00e1 continuar accediendo a informaci\u00f3n de calidad, confiable, veraz, integral, verificable y con transparencia, en el sitio <a href=\"https:\/\/coronavirus.oaxaca.gob.mx\/\">https:\/\/coronavirus.oaxaca.gob.mx\/<\/a> y que los datos estar\u00e1n abiertos para consulta libre.<\/p>\n\n\n\n<p>En este sentido, los SSO piden el apoyo de usuarios de redes sociales verifiquen la fuente antes de compartir informaci\u00f3n, ya que se requiere la participaci\u00f3n y corresponsabilidad ciudadana para contrarrestar la proliferaci\u00f3n de desinformaci\u00f3n generalizada en el contexto de la emergencia sanitaria.<\/p>\n\n\n\n<p>La instituci\u00f3n reafirm\u00f3 su compromiso con las familias oaxaque\u00f1as, en la prevenci\u00f3n, vigilancia y seguridad sanitaria de manera puntual, con la detecci\u00f3n oportuna, atenci\u00f3n y seguimiento de pacientes con Covid-19.<\/p>\n\n\n\n<p>Los Servicios de Salud de Oaxaca hacen un llamado urgente a la poblaci\u00f3n para frenar las propagaci\u00f3n del virus en esta temporada, fortaleciendo las medidas de prevenci\u00f3n,&nbsp; no realizando reuniones o celebraciones de fin de a\u00f1o, disminuir la movilidad en espacios p\u00fablicos y en la medida de lo posible permanecer en casa.<\/p>\n","protected":false},"excerpt":{"rendered":"<p>Redacci\u00f3n\/Zona Roja. Oaxaca de Ju\u00e1rez, Oax. 30 de diciembre de 2020.- Los Servicios de Salud&hellip;<\/p>\n","protected":false},"author":2,"featured_media":21830,"comment_status":"closed","ping_status":"open","sticky":false,"template":"","format":"standard","meta":{"_lmt_disableupdate":"","_lmt_disable":"","_jetpack_memberships_contains_paid_content":false,"footnotes":""},"categories":[109,47],"tags":[1512],"class_list":["post-21829","post","type-post","status-publish","format-standard","has-post-thumbnail","hentry","category-minuto-a-minuto","category-zona-gris","tag-coronavirus-oaxaca"],"jetpack_featured_media_url":"https:\/\/zonaroja.com.mx\/wp-content\/uploads\/2020\/12\/Oaxaca-Covid-calles.jpg","jetpack_sharing_enabled":true,"_links":{"self":[{"href":"https:\/\/zonaroja.com.mx\/index.php?rest_route=\/wp\/v2\/posts\/21829","targetHints":{"allow":["GET"]}}],"collection":[{"href":"https:\/\/zonaroja.com.mx\/index.php?rest_route=\/wp\/v2\/posts"}],"about":[{"href":"https:\/\/zonaroja.com.mx\/index.php?rest_route=\/wp\/v2\/types\/post"}],"author":[{"embeddable":true,"href":"https:\/\/zonaroja.com.mx\/index.php?rest_route=\/wp\/v2\/users\/2"}],"replies":[{"embeddable":true,"href":"https:\/\/zonaroja.com.mx\/index.php?rest_route=%2Fwp%2Fv2%2Fcomments&post=21829"}],"version-history":[{"count":1,"href":"https:\/\/zonaroja.com.mx\/index.php?rest_route=\/wp\/v2\/posts\/21829\/revisions"}],"predecessor-version":[{"id":21831,"href":"https:\/\/zonaroja.com.mx\/index.php?rest_route=\/wp\/v2\/posts\/21829\/revisions\/21831"}],"wp:featuredmedia":[{"embeddable":true,"href":"https:\/\/zonaroja.com.mx\/index.php?rest_route=\/wp\/v2\/media\/21830"}],"wp:attachment":[{"href":"https:\/\/zonaroja.com.mx\/index.php?rest_route=%2Fwp%2Fv2%2Fmedia&parent=21829"}],"wp:term":[{"taxonomy":"category","embeddable":true,"href":"https:\/\/zonaroja.com.mx\/index.php?rest_route=%2Fwp%2Fv2%2Fcategories&post=21829"},{"taxonomy":"post_tag","embeddable":true,"href":"https:\/\/zonaroja.com.mx\/index.php?rest_route=%2Fwp%2Fv2%2Ftags&post=21829"}],"curies":[{"name":"wp","href":"https:\/\/api.w.org\/{rel}","templated":true}]}}