{"id":21832,"date":"2020-12-30T18:33:08","date_gmt":"2020-12-31T00:33:08","guid":{"rendered":"http:\/\/www.zonaroja.com.mx\/?p=21832"},"modified":"2020-12-30T18:33:13","modified_gmt":"2020-12-31T00:33:13","slug":"cumple-12-dias-de-desaparecida-mujer-adulta-en-albarradas-mitla","status":"publish","type":"post","link":"https:\/\/zonaroja.com.mx\/?p=21832","title":{"rendered":"Cumple 12 d\u00edas de desaparecida mujer adulta en Albarradas, Mitla"},"content":{"rendered":"\n<p>Evlin Arag\u00f3n\/Zona Roja.<\/p>\n\n\n\n<p>Oaxaca de Ju\u00e1rez, Oax., 30 de diciembre de 2020.- El pasado 17 de diciembre, hace ya 12 d\u00edas, Raquel Mart\u00ednez Salinas, de 57 a\u00f1os de edad, sali\u00f3 de su casa rumbo al campo, donde realizaba su jornada diaria, y nadie ha vuelta saber de ella.&nbsp;<\/p>\n\n\n\n<p>Originaria de San Miguel Albarradas, Villa de Mitla, vest\u00eda sudadera azul marino, gorra de estambre color verde agua, guaraches color caf\u00e9 y falda al momento de salir de su vivienda, de acuerdo con lo reportado por sus familiares, quienes dieron a conocer los hechos a la Unidad de B\u00fasqueda de Personas Desaparecidas y No Localizadas.&nbsp;<\/p>\n\n\n\n<p>Este fin de semana, una brigada de Topos Azteca y Protecci\u00f3n Civil del Gobierno de Oaxaca realizaron una b\u00fasqueda por la zona sin resultados positivos, por lo que han determinado mantener la exploraci\u00f3n durante algunos d\u00edas m\u00e1s.&nbsp;<\/p>\n\n\n\n<p>Raquel es una mujer de baja estatura, 1.45 metros aproximadamente; tiene la piel morena clara, cabello corto y lacio, as\u00ed como ojos medianos color caf\u00e9. Como se\u00f1a particular tiene una cicatriz en el hombre derecho, de acuerdo con lo expuesto en su ficha de b\u00fasqueda.&nbsp;<\/p>\n\n\n\n<p>Pese a que han pasado ya 12 d\u00edas desde la \u00faltima vez que fue vista, nada se sabe a\u00fan de su paradero. Lo anterior ha ocasionado todo tipo de rumores incluso que pudo ser atacada por un jaguar que ya hab\u00eda rondado la zona, sin embargo, nada de eso ha sido comprobado y la b\u00fasqueda contin\u00faa.<\/p>\n\n\n\n<p>A la lista de personas desaparecida o no localizadas se suma Amayrani Zapot Orozco de 21 a\u00f1os de edad, quien fue vista por \u00faltima vez el pasado 23 de diciembre en Mat\u00edas Romero, localidad perteneciente a la regi\u00f3n del Istmo de Tehuantepec, en compa\u00f1\u00eda de su hija de dos meses de edad.&nbsp;<\/p>\n\n\n\n<p>Tambi\u00e9n Martimiano Canseco Garc\u00eda, de 33 a\u00f1os de edad; y Daniela Leyva Pacheco, de 14 a\u00f1os, ambos desaparecidos en 19 de diciembre en los municipios de Santa Mar\u00eda Chilchotla y San Juan Bautista Valle Nacional, respectivamente.&nbsp;<\/p>\n\n\n\n<p>El 16 de diciembre tambi\u00e9n hay dos reportes de persona desaparecidas y a\u00fan no localizadas. Se trata de Baltazar Federico Venegas Santos, de 46 a\u00f1os de edad; y Elia Santiago Garc\u00eda, de 29 a\u00f1os, quienes fueron vistos por \u00faltima vez en las localidades de San Pedro Guegorexe y Santa Mar\u00eda Tonameca.&nbsp;<\/p>\n\n\n\n<p>As\u00ed mismo Euin Ernesto Cruz Molina, de 19 a\u00f1os de edad, cuyo paradero se desconoce desde el 11 de diciembre que fue visto por \u00faltima vez en Chahuites, Juchit\u00e1n; mientras que Juan Joach\u00edn Reyes, de 82 a\u00f1os, fue reportado como desaparecido desde el pasado 9 de diciembre, en San Juan Cotzoc\u00f3n.<\/p>\n","protected":false},"excerpt":{"rendered":"<p>Evlin Arag\u00f3n\/Zona Roja. Oaxaca de Ju\u00e1rez, Oax., 30 de diciembre de 2020.- El pasado 17&hellip;<\/p>\n","protected":false},"author":2,"featured_media":21833,"comment_status":"closed","ping_status":"open","sticky":false,"template":"","format":"standard","meta":{"_lmt_disableupdate":"","_lmt_disable":"","_jetpack_memberships_contains_paid_content":false,"footnotes":""},"categories":[109,47],"tags":[455,2327],"class_list":["post-21832","post","type-post","status-publish","format-standard","has-post-thumbnail","hentry","category-minuto-a-minuto","category-zona-gris","tag-mujeres-desaparecidas-oaxaca","tag-raquel-martinez-salinas"],"jetpack_featured_media_url":"https:\/\/zonaroja.com.mx\/wp-content\/uploads\/2020\/12\/Desaparecida-Albarradas.jpg","jetpack_sharing_enabled":true,"_links":{"self":[{"href":"https:\/\/zonaroja.com.mx\/index.php?rest_route=\/wp\/v2\/posts\/21832","targetHints":{"allow":["GET"]}}],"collection":[{"href":"https:\/\/zonaroja.com.mx\/index.php?rest_route=\/wp\/v2\/posts"}],"about":[{"href":"https:\/\/zonaroja.com.mx\/index.php?rest_route=\/wp\/v2\/types\/post"}],"author":[{"embeddable":true,"href":"https:\/\/zonaroja.com.mx\/index.php?rest_route=\/wp\/v2\/users\/2"}],"replies":[{"embeddable":true,"href":"https:\/\/zonaroja.com.mx\/index.php?rest_route=%2Fwp%2Fv2%2Fcomments&post=21832"}],"version-history":[{"count":1,"href":"https:\/\/zonaroja.com.mx\/index.php?rest_route=\/wp\/v2\/posts\/21832\/revisions"}],"predecessor-version":[{"id":21834,"href":"https:\/\/zonaroja.com.mx\/index.php?rest_route=\/wp\/v2\/posts\/21832\/revisions\/21834"}],"wp:featuredmedia":[{"embeddable":true,"href":"https:\/\/zonaroja.com.mx\/index.php?rest_route=\/wp\/v2\/media\/21833"}],"wp:attachment":[{"href":"https:\/\/zonaroja.com.mx\/index.php?rest_route=%2Fwp%2Fv2%2Fmedia&parent=21832"}],"wp:term":[{"taxonomy":"category","embeddable":true,"href":"https:\/\/zonaroja.com.mx\/index.php?rest_route=%2Fwp%2Fv2%2Fcategories&post=21832"},{"taxonomy":"post_tag","embeddable":true,"href":"https:\/\/zonaroja.com.mx\/index.php?rest_route=%2Fwp%2Fv2%2Ftags&post=21832"}],"curies":[{"name":"wp","href":"https:\/\/api.w.org\/{rel}","templated":true}]}}