{"id":21835,"date":"2020-12-30T19:55:16","date_gmt":"2020-12-31T01:55:16","guid":{"rendered":"http:\/\/www.zonaroja.com.mx\/?p=21835"},"modified":"2020-12-30T19:55:20","modified_gmt":"2020-12-31T01:55:20","slug":"incrementa-delincuencia-en-salina-cruz-ante-paro-de-policias-municipales","status":"publish","type":"post","link":"https:\/\/zonaroja.com.mx\/?p=21835","title":{"rendered":"Incrementa delincuencia en Salina Cruz, ante paro de polic\u00edas municipales"},"content":{"rendered":"\n<p>Yuridiana Sosa\/Zona Roja.<\/p>\n\n\n\n<p>Oaxaca de Ju\u00e1rez, Oax., 30 de diciembre de 2020.- Negocios y ciudadanos se han vuelto blanco f\u00e1cil de asalto en el municipio de Salina Cruz, en la regi\u00f3n del Istmo, ante el paro que la polic\u00eda municipal mantienen desde hace m\u00e1s de una semana, para exigir pago completo de aguinaldos.<\/p>\n\n\n\n<p>Los asaltos a la poblaci\u00f3n se realizan a plena luz del d\u00eda por grupos de personas armadas, que sin temor a ser detenidos cometen los delitos, tal como qued\u00f3 registrado por videos de c\u00e1maras de vigilancia este martes, cuando al menos se registraron tres hechos delictivos.<\/p>\n\n\n\n<p>En una de las im\u00e1genes se aprecia que un grupo de tres hombres, con uso de armas de fuego y cubiertos del rostro con un cubrebocas y gorra, asaltaron a ocupantes de una camioneta.<\/p>\n\n\n\n<p>Los delincuentes, uno de ellos apuntando a las personas de la unidad, corre con una bolsa, otro con sujeto corre con varias prendas y con lo que se aprecia ser un arma blanca, mientras que las v\u00edctimas, a bordo de una camioneta color verde, solo pueden observar como huyen sus agresores.<\/p>\n\n\n\n<p>As\u00ed tambi\u00e9n se report\u00f3 el asalto a la tienda departamental Coppel, ubicada sobre carretera Trans\u00edstmica, en la colonia Aviaci\u00f3n en Salina Cruz, y otro m\u00e1s a una tienda local en pleno centro del municipio.<\/p>\n\n\n\n<figure class=\"wp-block-image size-large\"><img decoding=\"async\" width=\"677\" height=\"458\" src=\"http:\/\/www.zonaroja.com.mx\/wp-content\/uploads\/2020\/12\/Policias-Salina-Cruz-1.png\" alt=\"\" class=\"wp-image-21837\" srcset=\"https:\/\/zonaroja.com.mx\/wp-content\/uploads\/2020\/12\/Policias-Salina-Cruz-1.png 677w, https:\/\/zonaroja.com.mx\/wp-content\/uploads\/2020\/12\/Policias-Salina-Cruz-1-300x203.png 300w, https:\/\/zonaroja.com.mx\/wp-content\/uploads\/2020\/12\/Policias-Salina-Cruz-1-585x396.png 585w\" sizes=\"(max-width: 677px) 100vw, 677px\" \/><\/figure>\n\n\n\n<p>De acuerdo con la v\u00edctima, este \u00faltimo hecho perpetrado por parte de cuatro asaltantes que huyeron a bordo de un autom\u00f3vil tipo Jetta, color gris con placas de circulaci\u00f3n del Estado de M\u00e9xico, con rumbo desconocido.<\/p>\n\n\n\n<p>En tanto, el paro de m\u00e1s de 200 elementos de la corporaci\u00f3n municipal de seguridad p\u00fablica cumple 10 d\u00edas.<\/p>\n\n\n\n<p>Los uniformados exigen al gobierno municipal de Juan Carlos Atecas Altamirano un pago de 45 d\u00edas de aguinaldo, pues s\u00f3lo recibieron 15 d\u00edas, mientras que en administraciones municipales anteriores el pago fue por m\u00e1s de 50 d\u00edas de salario.<\/p>\n\n\n\n<p>El presidente municipal ha justificado que no cuenta con recursos suficientes para cubrir m\u00e1s de 15 d\u00edas de aguinaldo. Hace dos d\u00edas, con el apoyo de la organizaci\u00f3n \u00abSol Rojo\u00bb, los uniformados marcharon por las calles de esa ciudad istme\u00f1a, para insistir en su demanda. <\/p>\n\n\n\n<p>Ayer tendr\u00edan una reuni\u00f3n con el edil Atecas Altamirano, pero \u00e9ste s\u00f3lo lleg\u00f3 para informarles que no ten\u00eda previsto ning\u00fan di\u00e1logo y se retir\u00f3.<\/p>\n","protected":false},"excerpt":{"rendered":"<p>Yuridiana Sosa\/Zona Roja. Oaxaca de Ju\u00e1rez, Oax., 30 de diciembre de 2020.- Negocios y ciudadanos&hellip;<\/p>\n","protected":false},"author":2,"featured_media":21836,"comment_status":"closed","ping_status":"open","sticky":false,"template":"","format":"standard","meta":{"_lmt_disableupdate":"","_lmt_disable":"","_jetpack_memberships_contains_paid_content":false,"footnotes":""},"categories":[109,47],"tags":[2328],"class_list":["post-21835","post","type-post","status-publish","format-standard","has-post-thumbnail","hentry","category-minuto-a-minuto","category-zona-gris","tag-paro-de-policias-salina-cruz"],"jetpack_featured_media_url":"https:\/\/zonaroja.com.mx\/wp-content\/uploads\/2020\/12\/Policias-Salina-Cruz-2.jpg","jetpack_sharing_enabled":true,"_links":{"self":[{"href":"https:\/\/zonaroja.com.mx\/index.php?rest_route=\/wp\/v2\/posts\/21835","targetHints":{"allow":["GET"]}}],"collection":[{"href":"https:\/\/zonaroja.com.mx\/index.php?rest_route=\/wp\/v2\/posts"}],"about":[{"href":"https:\/\/zonaroja.com.mx\/index.php?rest_route=\/wp\/v2\/types\/post"}],"author":[{"embeddable":true,"href":"https:\/\/zonaroja.com.mx\/index.php?rest_route=\/wp\/v2\/users\/2"}],"replies":[{"embeddable":true,"href":"https:\/\/zonaroja.com.mx\/index.php?rest_route=%2Fwp%2Fv2%2Fcomments&post=21835"}],"version-history":[{"count":1,"href":"https:\/\/zonaroja.com.mx\/index.php?rest_route=\/wp\/v2\/posts\/21835\/revisions"}],"predecessor-version":[{"id":21838,"href":"https:\/\/zonaroja.com.mx\/index.php?rest_route=\/wp\/v2\/posts\/21835\/revisions\/21838"}],"wp:featuredmedia":[{"embeddable":true,"href":"https:\/\/zonaroja.com.mx\/index.php?rest_route=\/wp\/v2\/media\/21836"}],"wp:attachment":[{"href":"https:\/\/zonaroja.com.mx\/index.php?rest_route=%2Fwp%2Fv2%2Fmedia&parent=21835"}],"wp:term":[{"taxonomy":"category","embeddable":true,"href":"https:\/\/zonaroja.com.mx\/index.php?rest_route=%2Fwp%2Fv2%2Fcategories&post=21835"},{"taxonomy":"post_tag","embeddable":true,"href":"https:\/\/zonaroja.com.mx\/index.php?rest_route=%2Fwp%2Fv2%2Ftags&post=21835"}],"curies":[{"name":"wp","href":"https:\/\/api.w.org\/{rel}","templated":true}]}}