{"id":21839,"date":"2020-12-30T22:00:27","date_gmt":"2020-12-31T04:00:27","guid":{"rendered":"http:\/\/www.zonaroja.com.mx\/?p=21839"},"modified":"2020-12-30T22:00:31","modified_gmt":"2020-12-31T04:00:31","slug":"suman-dos-ejecutados-este-miercoles-en-oaxaca-ahora-en-juchitan","status":"publish","type":"post","link":"https:\/\/zonaroja.com.mx\/?p=21839","title":{"rendered":"Suman dos ejecutados este mi\u00e9rcoles en Oaxaca; ahora en Juchit\u00e1n"},"content":{"rendered":"\n<p>Redacci\u00f3n\/Zona Roja.<\/p>\n\n\n\n<p>Oaxaca de Ju\u00e1rez, Oax., 30 de diciembre de 2020.- Una segunda persona fue ejecutada este mi\u00e9rcoles en Oaxaca, ahora en la regi\u00f3n del Istmo de Tehuantepec.<\/p>\n\n\n\n<p>En el interior de un veh\u00edculo de motor fue hallado el cuerpo sin vida, con varios disparos de arma de fuego, de un individuo.<\/p>\n\n\n\n<p>La unidad fue localizada en la carretera local que comunica a La Venta, Juchit\u00e1n de Zaragoza, con el municipio de Uni\u00f3n Hidalgo.<\/p>\n\n\n\n<p>La v\u00edctima fue identificada como Erikson R. E., de 30 a\u00f1os de edad, con domicilio en la poblaci\u00f3n de La Venta.<\/p>\n\n\n\n<p>Personal del Ministerio P\u00fablico orden\u00f3 el levantamiento del cuerpo, tras las labores de peritos de la Vicefiscal\u00eda Regional del Istmo; hasta el momento no ha sido localizado el o los agresores, cuyas identidades se desconocen.<\/p>\n\n\n\n<p>Por la ma\u00f1ana se dio a conocer la ejecuci\u00f3n de un individuo en el interior de una funeraria, en la ciudad de San Juan Bautista Tuxtepec.<\/p>\n","protected":false},"excerpt":{"rendered":"<p>Redacci\u00f3n\/Zona Roja. Oaxaca de Ju\u00e1rez, Oax., 30 de diciembre de 2020.- Una segunda persona fue&hellip;<\/p>\n","protected":false},"author":2,"featured_media":21840,"comment_status":"closed","ping_status":"open","sticky":false,"template":"","format":"standard","meta":{"_lmt_disableupdate":"","_lmt_disable":"","_jetpack_memberships_contains_paid_content":false,"footnotes":""},"categories":[109,51],"tags":[123],"class_list":["post-21839","post","type-post","status-publish","format-standard","has-post-thumbnail","hentry","category-minuto-a-minuto","category-zona-roja","tag-juchitan-de-zaragoza"],"jetpack_featured_media_url":"https:\/\/zonaroja.com.mx\/wp-content\/uploads\/2020\/12\/Ejecutado-Juchitan.png","jetpack_sharing_enabled":true,"_links":{"self":[{"href":"https:\/\/zonaroja.com.mx\/index.php?rest_route=\/wp\/v2\/posts\/21839","targetHints":{"allow":["GET"]}}],"collection":[{"href":"https:\/\/zonaroja.com.mx\/index.php?rest_route=\/wp\/v2\/posts"}],"about":[{"href":"https:\/\/zonaroja.com.mx\/index.php?rest_route=\/wp\/v2\/types\/post"}],"author":[{"embeddable":true,"href":"https:\/\/zonaroja.com.mx\/index.php?rest_route=\/wp\/v2\/users\/2"}],"replies":[{"embeddable":true,"href":"https:\/\/zonaroja.com.mx\/index.php?rest_route=%2Fwp%2Fv2%2Fcomments&post=21839"}],"version-history":[{"count":1,"href":"https:\/\/zonaroja.com.mx\/index.php?rest_route=\/wp\/v2\/posts\/21839\/revisions"}],"predecessor-version":[{"id":21841,"href":"https:\/\/zonaroja.com.mx\/index.php?rest_route=\/wp\/v2\/posts\/21839\/revisions\/21841"}],"wp:featuredmedia":[{"embeddable":true,"href":"https:\/\/zonaroja.com.mx\/index.php?rest_route=\/wp\/v2\/media\/21840"}],"wp:attachment":[{"href":"https:\/\/zonaroja.com.mx\/index.php?rest_route=%2Fwp%2Fv2%2Fmedia&parent=21839"}],"wp:term":[{"taxonomy":"category","embeddable":true,"href":"https:\/\/zonaroja.com.mx\/index.php?rest_route=%2Fwp%2Fv2%2Fcategories&post=21839"},{"taxonomy":"post_tag","embeddable":true,"href":"https:\/\/zonaroja.com.mx\/index.php?rest_route=%2Fwp%2Fv2%2Ftags&post=21839"}],"curies":[{"name":"wp","href":"https:\/\/api.w.org\/{rel}","templated":true}]}}