{"id":2184,"date":"2019-07-11T09:38:13","date_gmt":"2019-07-11T14:38:13","guid":{"rendered":"http:\/\/www.zonaroja.com.mx\/?p=2184"},"modified":"2019-07-11T09:38:16","modified_gmt":"2019-07-11T14:38:16","slug":"retenidos-piden-a-amlo-y-murat-intervencion-y-rescate-en-san-dionisio","status":"publish","type":"post","link":"https:\/\/zonaroja.com.mx\/?p=2184","title":{"rendered":"Retenidos piden a AMLO y Murat intervenci\u00f3n y rescate en San Dionisio"},"content":{"rendered":"\n<p>Redacci\u00f3n<\/p>\n\n\n\n<p>Oaxaca de Ju\u00e1rez, Oax., 11 de julio de 2019.- Una de las 15\npersonas retenidas desde el pasado domingo en San Dionisio Ocotepec, que se\nidentific\u00f3 a trav\u00e9s de un video como Everardo Mateo Escobar, pidi\u00f3 la\nintervenci\u00f3n del Presidente Andr\u00e9s Manuel L\u00f3pez Obrador y del gobernador\nAlejandro Murat Hinojosa a fin de ser liberados.<\/p>\n\n\n\n<p>Denunci\u00f3 adem\u00e1s abandono por parte del empresario Edy\nMonterrosa M\u00e9ndez, de Santiago Matatl\u00e1n, \u201cen medio de conflicto que \u00e9l inici\u00f3\u201d.\n<\/p>\n\n\n\n<p>\u201cDesconozco por qu\u00e9 no se presenta cuando se la ofrecido\ngarant\u00edas individuales para su integridad f\u00edsica. Exigimos su presencia o su\nfirma para este convenio<\/p>\n\n\n\n<p>\u201cSe\u00f1or Edy Monterrosa, estoy decepcionado al haber abandonado a su grupo de trabajadores que tanto esfuerzo y tanta entrega hemos hecho para sus empresas\u201d, dijo en el mensaje.<\/p>\n\n\n\n<figure class=\"wp-block-embed-twitter wp-block-embed is-type-rich is-provider-twitter\"><div class=\"wp-block-embed__wrapper\">\n<div class=\"twitter-tweet\"><blockquote class=\"twitter-tweet\" data-lang=\"es\"><p lang=\"es\" dir=\"ltr\"><a href=\"https:\/\/twitter.com\/hashtag\/OaxacaRojo?src=hash&amp;ref_src=twsrc%5Etfw\">#OaxacaRojo<\/a><br>Uno de los 15 retenidos en San Dionisio Ocotepec, <a href=\"https:\/\/twitter.com\/hashtag\/Oaxaca?src=hash&amp;ref_src=twsrc%5Etfw\">#Oaxaca<\/a>, pide intervenci\u00f3n del Presidente <a href=\"https:\/\/twitter.com\/lopezobrador_?ref_src=twsrc%5Etfw\">@lopezobrador_<\/a> y del gobernador <a href=\"https:\/\/twitter.com\/alejandromurat?ref_src=twsrc%5Etfw\">@alejandromurat<\/a> para liberarlos. Denuncian abandono del empresario Edy Monterrosa a sus trabajadores. <a href=\"https:\/\/t.co\/RwYQB5wWMJ\">pic.twitter.com\/RwYQB5wWMJ<\/a><\/p>&mdash; Zona Roja Oaxaca (@MexRoja) <a href=\"https:\/\/twitter.com\/MexRoja\/status\/1149324542826962945?ref_src=twsrc%5Etfw\">11 de julio de 2019<\/a><\/blockquote><\/div>\n<\/div><\/figure>\n\n\n\n<p>Precis\u00f3 que por parte de los pobladores de San Dionisio han\nsido tratados de manera adecuada, con atenci\u00f3n m\u00e9dica y alimentaci\u00f3n; no\nobstante, desean ver ya a sus familiares.<\/p>\n\n\n\n<p>\u201cSe\u00f1or Edy, por \u00faltima vez le exijo que por favor se firme\nese acuerdo de paz para poder reintegrarnos a cada una de nuestras actividades\ny reunirnos con nuestras familias\u201d, expres\u00f3.<\/p>\n\n\n\n<p>Las 15 personas, entre ellas de Oaxaca, Veracruz y Chiapas, fueron detenidas el domingo por la ma\u00f1ana por pobladores de San Dionisio cuando laboraban en una zona de conflicto, lim\u00edtrofe con Matatl\u00e1n.<\/p>\n\n\n\n<figure class=\"wp-block-embed-twitter wp-block-embed is-type-rich is-provider-twitter\"><div class=\"wp-block-embed__wrapper\">\n<div class=\"twitter-tweet\"><blockquote class=\"twitter-tweet\" data-lang=\"es\"><p lang=\"es\" dir=\"ltr\"><a href=\"https:\/\/twitter.com\/hashtag\/OaxacaRojo?src=hash&amp;ref_src=twsrc%5Etfw\">#OaxacaRojo<\/a><br>El drama de los familiares de las 15 personas retenidas desde hace cuatro d\u00edas en San Dionisio Ocotepec, Oaxaca; el <a href=\"https:\/\/twitter.com\/GobOax?ref_src=twsrc%5Etfw\">@GobOax<\/a>, <a href=\"https:\/\/twitter.com\/SEGEGO_GobOax?ref_src=twsrc%5Etfw\">@SEGEGO_GobOax<\/a> y <a href=\"https:\/\/twitter.com\/FISCALIA_GobOax?ref_src=twsrc%5Etfw\">@FISCALIA_GobOax<\/a> no hacen nada, denuncian. <a href=\"https:\/\/t.co\/OLuDWdAXw1\">pic.twitter.com\/OLuDWdAXw1<\/a><\/p>&mdash; Zona Roja Oaxaca (@MexRoja) <a href=\"https:\/\/twitter.com\/MexRoja\/status\/1149137784239788034?ref_src=twsrc%5Etfw\">11 de julio de 2019<\/a><\/blockquote><\/div>\n<\/div><\/figure>\n","protected":false},"excerpt":{"rendered":"<p>Redacci\u00f3n Oaxaca de Ju\u00e1rez, Oax., 11 de julio de 2019.- Una de las 15 personas&hellip;<\/p>\n","protected":false},"author":2,"featured_media":2185,"comment_status":"closed","ping_status":"open","sticky":false,"template":"","format":"standard","meta":{"_lmt_disableupdate":"","_lmt_disable":"","_jetpack_memberships_contains_paid_content":false,"footnotes":""},"categories":[109,51],"tags":[322],"class_list":["post-2184","post","type-post","status-publish","format-standard","has-post-thumbnail","hentry","category-minuto-a-minuto","category-zona-roja","tag-retenidos-san-dionisio-ocotepec"],"jetpack_featured_media_url":"https:\/\/zonaroja.com.mx\/wp-content\/uploads\/2019\/07\/IMG_8285.jpg","jetpack_sharing_enabled":true,"_links":{"self":[{"href":"https:\/\/zonaroja.com.mx\/index.php?rest_route=\/wp\/v2\/posts\/2184","targetHints":{"allow":["GET"]}}],"collection":[{"href":"https:\/\/zonaroja.com.mx\/index.php?rest_route=\/wp\/v2\/posts"}],"about":[{"href":"https:\/\/zonaroja.com.mx\/index.php?rest_route=\/wp\/v2\/types\/post"}],"author":[{"embeddable":true,"href":"https:\/\/zonaroja.com.mx\/index.php?rest_route=\/wp\/v2\/users\/2"}],"replies":[{"embeddable":true,"href":"https:\/\/zonaroja.com.mx\/index.php?rest_route=%2Fwp%2Fv2%2Fcomments&post=2184"}],"version-history":[{"count":1,"href":"https:\/\/zonaroja.com.mx\/index.php?rest_route=\/wp\/v2\/posts\/2184\/revisions"}],"predecessor-version":[{"id":2186,"href":"https:\/\/zonaroja.com.mx\/index.php?rest_route=\/wp\/v2\/posts\/2184\/revisions\/2186"}],"wp:featuredmedia":[{"embeddable":true,"href":"https:\/\/zonaroja.com.mx\/index.php?rest_route=\/wp\/v2\/media\/2185"}],"wp:attachment":[{"href":"https:\/\/zonaroja.com.mx\/index.php?rest_route=%2Fwp%2Fv2%2Fmedia&parent=2184"}],"wp:term":[{"taxonomy":"category","embeddable":true,"href":"https:\/\/zonaroja.com.mx\/index.php?rest_route=%2Fwp%2Fv2%2Fcategories&post=2184"},{"taxonomy":"post_tag","embeddable":true,"href":"https:\/\/zonaroja.com.mx\/index.php?rest_route=%2Fwp%2Fv2%2Ftags&post=2184"}],"curies":[{"name":"wp","href":"https:\/\/api.w.org\/{rel}","templated":true}]}}