{"id":21842,"date":"2020-12-30T22:09:27","date_gmt":"2020-12-31T04:09:27","guid":{"rendered":"http:\/\/www.zonaroja.com.mx\/?p=21842"},"modified":"2020-12-30T22:21:28","modified_gmt":"2020-12-31T04:21:28","slug":"inician-construccion-de-sistema-de-agua-potable-para-la-agencia-vicente-guerrero","status":"publish","type":"post","link":"https:\/\/zonaroja.com.mx\/?p=21842","title":{"rendered":"Inician construcci\u00f3n de sistema de agua potable para la agencia Vicente Guerrero"},"content":{"rendered":"\n<p>Redacci\u00f3n\/Zona Roja.<\/p>\n\n\n\n<p>Oaxaca de Ju\u00e1rez, Oax., 30 de diciembre 2020.- Con una inversi\u00f3n de m\u00e1s de tres millones 570 mil pesos, se dio el banderazo de inicio de la construcci\u00f3n de la primera etapa del sistema de agua potable en la colonia El Renacimiento, de la agencia Vicente Guerrero, del municipio de Zaachila.<\/p>\n\n\n\n<p>La diputada por el Partido Morena, Magaly L\u00f3pez Dom\u00ednguez, atestigu\u00f3 el acto y se\u00f1al\u00f3&nbsp; que la uni\u00f3n y el trabajo en equipo que se realiz\u00f3 con&nbsp; las familias de la comunidad, logr\u00f3 el acceso al servicio de agua potable.&nbsp;<\/p>\n\n\n\n<p>\u201cLa uni\u00f3n hace la fuerza. Seguiremos trabajando de la mano de las familias de la comunidad para garantizar los servicios\u201d, manifest\u00f3 en su mensaje.<\/p>\n\n\n\n<p>Al respecto, C\u00e9sar Mateos, integrante de la organizaci\u00f3n Comuna Oaxaca, detall\u00f3 que la obra fue resultado de un trabajo coordinado entre las y los habitantes de la colonia, quienes demandaron&nbsp; al Gobierno del Estado el cumplimiento de la construcci\u00f3n de esta obra que en a\u00f1os anteriores se hab\u00eda prometido, \u201ctuvimos que salir a exigir una vida mejor, y hoy tenemos el resultado\u201d, detall\u00f3.<\/p>\n\n\n\n<p>La agencia Vicente Guerrero se localiza a 20 minutos de la capital del estado, en ella viven familias de distintas &nbsp;regiones y desde su fundaci\u00f3n se carec\u00eda de un sistema de distribuci\u00f3n de agua potable as\u00ed como el acceso a los servicios b\u00e1sicos.<\/p>\n","protected":false},"excerpt":{"rendered":"<p>Redacci\u00f3n\/Zona Roja. Oaxaca de Ju\u00e1rez, Oax., 30 de diciembre 2020.- Con una inversi\u00f3n de m\u00e1s&hellip;<\/p>\n","protected":false},"author":2,"featured_media":21847,"comment_status":"closed","ping_status":"open","sticky":false,"template":"","format":"standard","meta":{"_lmt_disableupdate":"","_lmt_disable":"","_jetpack_memberships_contains_paid_content":false,"footnotes":""},"categories":[109,46],"tags":[192],"class_list":["post-21842","post","type-post","status-publish","format-standard","has-post-thumbnail","hentry","category-minuto-a-minuto","category-zona-blanca","tag-diputada-magaly-lopez-dominguez"],"jetpack_featured_media_url":"https:\/\/zonaroja.com.mx\/wp-content\/uploads\/2020\/12\/0b009c11-6a1c-45ab-a002-7df8fd9b6215.jpg","jetpack_sharing_enabled":true,"_links":{"self":[{"href":"https:\/\/zonaroja.com.mx\/index.php?rest_route=\/wp\/v2\/posts\/21842","targetHints":{"allow":["GET"]}}],"collection":[{"href":"https:\/\/zonaroja.com.mx\/index.php?rest_route=\/wp\/v2\/posts"}],"about":[{"href":"https:\/\/zonaroja.com.mx\/index.php?rest_route=\/wp\/v2\/types\/post"}],"author":[{"embeddable":true,"href":"https:\/\/zonaroja.com.mx\/index.php?rest_route=\/wp\/v2\/users\/2"}],"replies":[{"embeddable":true,"href":"https:\/\/zonaroja.com.mx\/index.php?rest_route=%2Fwp%2Fv2%2Fcomments&post=21842"}],"version-history":[{"count":1,"href":"https:\/\/zonaroja.com.mx\/index.php?rest_route=\/wp\/v2\/posts\/21842\/revisions"}],"predecessor-version":[{"id":21843,"href":"https:\/\/zonaroja.com.mx\/index.php?rest_route=\/wp\/v2\/posts\/21842\/revisions\/21843"}],"wp:featuredmedia":[{"embeddable":true,"href":"https:\/\/zonaroja.com.mx\/index.php?rest_route=\/wp\/v2\/media\/21847"}],"wp:attachment":[{"href":"https:\/\/zonaroja.com.mx\/index.php?rest_route=%2Fwp%2Fv2%2Fmedia&parent=21842"}],"wp:term":[{"taxonomy":"category","embeddable":true,"href":"https:\/\/zonaroja.com.mx\/index.php?rest_route=%2Fwp%2Fv2%2Fcategories&post=21842"},{"taxonomy":"post_tag","embeddable":true,"href":"https:\/\/zonaroja.com.mx\/index.php?rest_route=%2Fwp%2Fv2%2Ftags&post=21842"}],"curies":[{"name":"wp","href":"https:\/\/api.w.org\/{rel}","templated":true}]}}