{"id":21848,"date":"2020-12-31T08:06:46","date_gmt":"2020-12-31T14:06:46","guid":{"rendered":"http:\/\/www.zonaroja.com.mx\/?p=21848"},"modified":"2020-12-31T08:06:51","modified_gmt":"2020-12-31T14:06:51","slug":"desaparece-otra-joven-en-tuxtepec-se-incrementan-casos-en-fin-de-ano","status":"publish","type":"post","link":"https:\/\/zonaroja.com.mx\/?p=21848","title":{"rendered":"Desaparece otra joven en Tuxtepec; se incrementan casos en fin de a\u00f1o"},"content":{"rendered":"\n<p>Yuridiana Sosa\/Zona Roja.<\/p>\n\n\n\n<p>Oaxaca de Ju\u00e1rez, Oax., 31 diciembre de 2020.- En la recta final del 2020, las desapariciones para hombre y mujeres contin\u00faan en Oaxaca y el listado indeterminado de personas no localizadas este a\u00f1o se extiende.<\/p>\n\n\n\n<p>En el transcurso de cinco d\u00edas, la Unidad de B\u00fasqueda de Personas Desaparecidas y No Localizadas de la Fiscal\u00eda General del Estado ha reportado la permanencia de la desaparici\u00f3n de cinco hombres y tres mujeres.<\/p>\n\n\n\n<p>Ana Patricia Flores Arzate, de 23 a\u00f1os de edad, es una de las v\u00edctimas reportadas este 30 de diciembre. El paradero de la joven mujer se desconoce desde el 28 de diciembre, luego de ser vista en la colonia Santa Fe, del municipio de San Juan Bautista Tuxtepec, en la regi\u00f3n de la Cuenca.<\/p>\n\n\n\n<p>Durante las primeras horas del pen\u00faltimo d\u00eda de este 2020 se report\u00f3 la no localizaci\u00f3n de un hombre, identificado como Jos\u00e9 Luis Hern\u00e1ndez Sandoval de 42 a\u00f1os, visto por \u00faltima vez el d\u00eda 27 de diciembre en el punto conocido como \u201cEl Remolino\u201d de San Juan Bautista Jayacatl\u00e1n, del distrito de Etla.<\/p>\n\n\n\n<p>El martes se difundi\u00f3 la fotograf\u00eda de Jes\u00fas Ismael Santana Reyes, de 33 a\u00f1os de edad, quien ese mismo d\u00eda fue visto en la colonia Miguel Alem\u00e1n, de la capital oaxaque\u00f1a, cuando viajaba a bordo de la camioneta marca GMC, tipo Jimmy, modelo 1996, color rojo, con placas de circulaci\u00f3n tke-4609 del estado de Oaxaca.<\/p>\n\n\n\n<p>La semana abri\u00f3 con el reporte como desaparecido de Baltazar Federico Venegas Santos, de 46 a\u00f1os de edad, visto por \u00faltima vez desde el d\u00eda 16 de diciembre en la comunidad de San Pedro Guegorexe, de Ocotl\u00e1n de Morelos.<\/p>\n\n\n\n<p>As\u00ed tambi\u00e9n, se busca a Euin Ernesto Cruz Molina, de 19 a\u00f1os, quien fue visto desde el d\u00eda 11 de diciembre en Chahuites, pero su ficha fue publicada el lunes.<\/p>\n\n\n\n<p>La joven Amayrani Zapot Orozco, de 21 a\u00f1os, tambi\u00e9n fue reportada como desaparecida, junto a su menor hija de dos meses de edad, a quienes se les vio por \u00faltima vez el d\u00eda 23 de diciembre calles de Mat\u00edas Romero Avenda\u00f1o.<\/p>\n\n\n\n<p>Durante la Navidad, dos fichas m\u00e1s fueron emitidas. El 25 diciembre la DNOL public\u00f3 la desaparici\u00f3n de Martimiano Canseco Garc\u00eda, de 33 a\u00f1os, desaparecido desde el 19 de diciembre a orillas del r\u00edo Tonto en San Rafael, Santa Mar\u00eda Chilchotla.<\/p>\n\n\n\n<p>As\u00ed como la de Elia Santiago Garc\u00eda, de 29 a\u00f1os, de quien se perdi\u00f3 comunicaci\u00f3n desde el 16 de diciembre en San Jos\u00e9 Cerro Gordo de Santa Mar\u00eda Tonameca.<\/p>\n","protected":false},"excerpt":{"rendered":"<p>Yuridiana Sosa\/Zona Roja. Oaxaca de Ju\u00e1rez, Oax., 31 diciembre de 2020.- En la recta final&hellip;<\/p>\n","protected":false},"author":2,"featured_media":21849,"comment_status":"closed","ping_status":"open","sticky":false,"template":"","format":"standard","meta":{"_lmt_disableupdate":"","_lmt_disable":"","_jetpack_memberships_contains_paid_content":false,"footnotes":""},"categories":[109,47],"tags":[455],"class_list":["post-21848","post","type-post","status-publish","format-standard","has-post-thumbnail","hentry","category-minuto-a-minuto","category-zona-gris","tag-mujeres-desaparecidas-oaxaca"],"jetpack_featured_media_url":"https:\/\/zonaroja.com.mx\/wp-content\/uploads\/2020\/12\/Desaparecida-en-Tuxtepec-y-Oaxaca.jpg","jetpack_sharing_enabled":true,"_links":{"self":[{"href":"https:\/\/zonaroja.com.mx\/index.php?rest_route=\/wp\/v2\/posts\/21848","targetHints":{"allow":["GET"]}}],"collection":[{"href":"https:\/\/zonaroja.com.mx\/index.php?rest_route=\/wp\/v2\/posts"}],"about":[{"href":"https:\/\/zonaroja.com.mx\/index.php?rest_route=\/wp\/v2\/types\/post"}],"author":[{"embeddable":true,"href":"https:\/\/zonaroja.com.mx\/index.php?rest_route=\/wp\/v2\/users\/2"}],"replies":[{"embeddable":true,"href":"https:\/\/zonaroja.com.mx\/index.php?rest_route=%2Fwp%2Fv2%2Fcomments&post=21848"}],"version-history":[{"count":1,"href":"https:\/\/zonaroja.com.mx\/index.php?rest_route=\/wp\/v2\/posts\/21848\/revisions"}],"predecessor-version":[{"id":21850,"href":"https:\/\/zonaroja.com.mx\/index.php?rest_route=\/wp\/v2\/posts\/21848\/revisions\/21850"}],"wp:featuredmedia":[{"embeddable":true,"href":"https:\/\/zonaroja.com.mx\/index.php?rest_route=\/wp\/v2\/media\/21849"}],"wp:attachment":[{"href":"https:\/\/zonaroja.com.mx\/index.php?rest_route=%2Fwp%2Fv2%2Fmedia&parent=21848"}],"wp:term":[{"taxonomy":"category","embeddable":true,"href":"https:\/\/zonaroja.com.mx\/index.php?rest_route=%2Fwp%2Fv2%2Fcategories&post=21848"},{"taxonomy":"post_tag","embeddable":true,"href":"https:\/\/zonaroja.com.mx\/index.php?rest_route=%2Fwp%2Fv2%2Ftags&post=21848"}],"curies":[{"name":"wp","href":"https:\/\/api.w.org\/{rel}","templated":true}]}}