{"id":21859,"date":"2020-12-31T11:27:19","date_gmt":"2020-12-31T17:27:19","guid":{"rendered":"http:\/\/www.zonaroja.com.mx\/?p=21859"},"modified":"2020-12-31T11:27:26","modified_gmt":"2020-12-31T17:27:26","slug":"falla-sala-xalapa-a-favor-de-edil-de-oaxaca-caso-se-ira-a-la-siguiente-instancia","status":"publish","type":"post","link":"https:\/\/zonaroja.com.mx\/?p=21859","title":{"rendered":"Falla Sala Xalapa a favor de edil de Oaxaca; caso se ir\u00e1 a la siguiente instancia"},"content":{"rendered":"\n<p>Evlin Arag\u00f3n\/Zona Roja.<\/p>\n\n\n\n<p>Oaxaca de Ju\u00e1rez, Oax., 31 de diciembre de 2020.- La Sala Regional Xalapa del Tribunal Electoral del Poder Judicial de la Federaci\u00f3n (TEPJF) reconoci\u00f3 el actuar indebido del presidente municipal de Oaxaca de Ju\u00e1rez, Oswaldo Garc\u00eda Jarqu\u00edn, en contra de Jaquelina Escamilla Villanueva, sin embargo, neg\u00f3 que se trate de violencia pol\u00edtica por raz\u00f3n de g\u00e9nero.<\/p>\n\n\n\n<p>En la sesi\u00f3n de este mi\u00e9rcoles, el pleno determin\u00f3 que edil capitalino s\u00ed obstruy\u00f3 el ejercicio de las funciones que realizaba la entonces titular del Instituto Municipal de las Mujeres de Oaxaca de Ju\u00e1rez, pero no acredit\u00f3 la violencia pol\u00edtica.&nbsp;<\/p>\n\n\n\n<p>\u201cEl Pleno de la Sala se\u00f1al\u00f3 que coincide con la determinaci\u00f3n del TEEO en cuanto a que se le obstruy\u00f3 n el ejercicio de las funciones que realizaba la denunciante, sin embargo, no con el hecho de que ello implicara violencia pol\u00edtica en raz\u00f3n de g\u00e9nero\u201d, consider\u00f3 el \u00f3rgano.&nbsp;<\/p>\n\n\n\n<p>Con lo anterior, el TEPJF modific\u00f3 la sentencia del Tribunal Electoral del Estado de Oaxaca (TEEO) que, si determin\u00f3 la violencia pol\u00edtica, y dej\u00f3 sin efecto la multa impuesta, la obligaci\u00f3n de ofrecer una disculpa p\u00fablica, as\u00ed como la vista dada al instituto local para que se les integrara al sistema de persona que han perdido la presunci\u00f3n de contar con un modo honesto de vivir.&nbsp;<\/p>\n\n\n\n<p>Por el contrario, mantuvo firme la decisi\u00f3n de restituir a la ex funcionaria en su puesto, reparar el da\u00f1o y garantizar la no repetici\u00f3n de los hechos, as\u00ed como rehabilitar los derechos pol\u00edticos de la actora.&nbsp;<\/p>\n\n\n\n<p>Por su parte Jaquelina Escamilla Villanueva, lament\u00f3 que la resoluci\u00f3n del TEPJF permita al edil aspirar a la reelecci\u00f3n del municipio de Oaxaca de Ju\u00e1rez, al no considerar los hechos como violencia pol\u00edtica por raz\u00f3n de g\u00e9nero, sin embargo, aseguro que impugnar\u00e1 ante la Sala Superior del TEPJF, instancia que conf\u00eda falle a su favor.<\/p>\n\n\n\n<p>Fue el pasado 27 de mayo que, a trav\u00e9s de un video en las redes sociales, Jaquelina Escamilla Villanueva denunci\u00f3 su despido injustificado, el cual fue confirmado dos d\u00edas despu\u00e9s por la autoridad municipal que argument\u00f3 seguir los ordenamientos legales que rigen a la administraci\u00f3n p\u00fablica tras la insubordinaci\u00f3n por parte de la funcionaria.<\/p>\n\n\n\n<p>Por lo anterior decenas de colectivos feministas y en defensa de las mujeres manifestaron su rechazo a cualquier tipo de violencia, particularmente a aquella que viene de las propias instituciones, la cual exigieron que sea resarcida y sancionada.<\/p>\n","protected":false},"excerpt":{"rendered":"<p>Evlin Arag\u00f3n\/Zona Roja. Oaxaca de Ju\u00e1rez, Oax., 31 de diciembre de 2020.- La Sala Regional&hellip;<\/p>\n","protected":false},"author":2,"featured_media":14806,"comment_status":"closed","ping_status":"open","sticky":false,"template":"","format":"standard","meta":{"_lmt_disableupdate":"","_lmt_disable":"","_jetpack_memberships_contains_paid_content":false,"footnotes":""},"categories":[109,47],"tags":[2259],"class_list":["post-21859","post","type-post","status-publish","format-standard","has-post-thumbnail","hentry","category-minuto-a-minuto","category-zona-gris","tag-jaquelina-escamilla-villanueva"],"jetpack_featured_media_url":"https:\/\/zonaroja.com.mx\/wp-content\/uploads\/2020\/07\/Jaqueline-Escamilla.jpg","jetpack_sharing_enabled":true,"_links":{"self":[{"href":"https:\/\/zonaroja.com.mx\/index.php?rest_route=\/wp\/v2\/posts\/21859","targetHints":{"allow":["GET"]}}],"collection":[{"href":"https:\/\/zonaroja.com.mx\/index.php?rest_route=\/wp\/v2\/posts"}],"about":[{"href":"https:\/\/zonaroja.com.mx\/index.php?rest_route=\/wp\/v2\/types\/post"}],"author":[{"embeddable":true,"href":"https:\/\/zonaroja.com.mx\/index.php?rest_route=\/wp\/v2\/users\/2"}],"replies":[{"embeddable":true,"href":"https:\/\/zonaroja.com.mx\/index.php?rest_route=%2Fwp%2Fv2%2Fcomments&post=21859"}],"version-history":[{"count":1,"href":"https:\/\/zonaroja.com.mx\/index.php?rest_route=\/wp\/v2\/posts\/21859\/revisions"}],"predecessor-version":[{"id":21860,"href":"https:\/\/zonaroja.com.mx\/index.php?rest_route=\/wp\/v2\/posts\/21859\/revisions\/21860"}],"wp:featuredmedia":[{"embeddable":true,"href":"https:\/\/zonaroja.com.mx\/index.php?rest_route=\/wp\/v2\/media\/14806"}],"wp:attachment":[{"href":"https:\/\/zonaroja.com.mx\/index.php?rest_route=%2Fwp%2Fv2%2Fmedia&parent=21859"}],"wp:term":[{"taxonomy":"category","embeddable":true,"href":"https:\/\/zonaroja.com.mx\/index.php?rest_route=%2Fwp%2Fv2%2Fcategories&post=21859"},{"taxonomy":"post_tag","embeddable":true,"href":"https:\/\/zonaroja.com.mx\/index.php?rest_route=%2Fwp%2Fv2%2Ftags&post=21859"}],"curies":[{"name":"wp","href":"https:\/\/api.w.org\/{rel}","templated":true}]}}