{"id":21867,"date":"2020-12-31T16:33:26","date_gmt":"2020-12-31T22:33:26","guid":{"rendered":"http:\/\/www.zonaroja.com.mx\/?p=21867"},"modified":"2020-12-31T16:33:30","modified_gmt":"2020-12-31T22:33:30","slug":"anuncia-huatulco-medidas-especiales-para-este-fin-de-ano","status":"publish","type":"post","link":"https:\/\/zonaroja.com.mx\/?p=21867","title":{"rendered":"Anuncia Huatulco medidas especiales para este fin de a\u00f1o"},"content":{"rendered":"\n<p>Evlin Arag\u00f3n\/Zona Roja.<\/p>\n\n\n\n<p>Oaxaca de Ju\u00e1rez, Oax., 31 de diciembre de 2020.- Para evitar las aglomeraciones de personas y con ello el contagio masivo de Covid-19, autoridades de Santa Mar\u00eda Huatulco anunciaron el cierre de las playas Chahu\u00e9 y La Bocana, a partir de la 10 de noche de este jueves.&nbsp;<\/p>\n\n\n\n<p>Lo anterior pese a que ya es toda una tradici\u00f3n que habitantes y visitantes se concentran hasta altas horas de la madrugada a orilla de la playa para recibir el nuevo a\u00f1o, acci\u00f3n que no se podr\u00e1 llevar a cabo en dichas bah\u00edas ante la contingencia sanitaria.<\/p>\n\n\n\n<p>As\u00ed lo dieron a conocer a trav\u00e9s de un comunicado en el detallaron la actualizaci\u00f3n del Plan Estrat\u00e9gico para Mitigar el Contagio del Virus SARS-CoV2, durante la temporada vacacional del 15 de diciembre del 2020 al 8 de enero del 2021.&nbsp;<\/p>\n\n\n\n<p>Las adecuaciones incluyen el cierre de miradores ubicados dentro del territorio municipal, a partir de las 12:30 horas de este 1 de enero, cuidando previamente que la concentraci\u00f3n de personas no sea de car\u00e1cter masivo.&nbsp;<\/p>\n\n\n\n<p>Mientras que los restaurantes, salones y servicios de banquete ubicados en la zona federal y urbana del destino tur\u00edstico cerraran a partir de las dos de la ma\u00f1ana de este primero de enero, independientemente de permitir \u00fanicamente el 75 por ciento de aforo.&nbsp;&nbsp;<\/p>\n\n\n\n<p>Por su parte los vendedores ambulantes solo podr\u00e1n ofrecer sus productos para llevar, aplicando las medidas sanitarias establecidas en los protocolos.&nbsp;<\/p>\n\n\n\n<p>La autoridad municipal hizo un llamado a la poblaci\u00f3n para actuar de forma responsable en este cierre de a\u00f1o, por lo que pidi\u00f3 acatar las disposiciones emitidas para evitar un incremento de contagios que conlleve al cierre total del municipio.&nbsp;<\/p>\n\n\n\n<p>Y es que recientemente el gobernador de Oaxaca, Alejandro Murat Hinojosa, alert\u00f3 sobre la posibilidad de que algunos municipios, particularmente los que est\u00e1n registrando mayor actividad tur\u00edstica, regresen al color rojo en el sem\u00e1foro epidemiol\u00f3gico.&nbsp;<\/p>\n\n\n\n<p>\u201cOaxaca m\u00e1s cerca del sem\u00e1foro rojo, si las familias no rompen la cadena de contagios\u201d, se\u00f1al\u00f3.<\/p>\n\n\n\n<p>Mientras que los hospitales pronostican un colapso, debido al incremento de casos y complicaciones por Covid-19.<\/p>\n","protected":false},"excerpt":{"rendered":"<p>Evlin Arag\u00f3n\/Zona Roja. Oaxaca de Ju\u00e1rez, Oax., 31 de diciembre de 2020.- Para evitar las&hellip;<\/p>\n","protected":false},"author":2,"featured_media":12589,"comment_status":"closed","ping_status":"open","sticky":false,"template":"","format":"standard","meta":{"_lmt_disableupdate":"","_lmt_disable":"","_jetpack_memberships_contains_paid_content":false,"footnotes":""},"categories":[109,46],"tags":[1336],"class_list":["post-21867","post","type-post","status-publish","format-standard","has-post-thumbnail","hentry","category-minuto-a-minuto","category-zona-blanca","tag-bahias-de-huatulco"],"jetpack_featured_media_url":"https:\/\/zonaroja.com.mx\/wp-content\/uploads\/2020\/05\/Santa-Mar\u00eda-Huatulco.jpg","jetpack_sharing_enabled":true,"_links":{"self":[{"href":"https:\/\/zonaroja.com.mx\/index.php?rest_route=\/wp\/v2\/posts\/21867","targetHints":{"allow":["GET"]}}],"collection":[{"href":"https:\/\/zonaroja.com.mx\/index.php?rest_route=\/wp\/v2\/posts"}],"about":[{"href":"https:\/\/zonaroja.com.mx\/index.php?rest_route=\/wp\/v2\/types\/post"}],"author":[{"embeddable":true,"href":"https:\/\/zonaroja.com.mx\/index.php?rest_route=\/wp\/v2\/users\/2"}],"replies":[{"embeddable":true,"href":"https:\/\/zonaroja.com.mx\/index.php?rest_route=%2Fwp%2Fv2%2Fcomments&post=21867"}],"version-history":[{"count":1,"href":"https:\/\/zonaroja.com.mx\/index.php?rest_route=\/wp\/v2\/posts\/21867\/revisions"}],"predecessor-version":[{"id":21868,"href":"https:\/\/zonaroja.com.mx\/index.php?rest_route=\/wp\/v2\/posts\/21867\/revisions\/21868"}],"wp:featuredmedia":[{"embeddable":true,"href":"https:\/\/zonaroja.com.mx\/index.php?rest_route=\/wp\/v2\/media\/12589"}],"wp:attachment":[{"href":"https:\/\/zonaroja.com.mx\/index.php?rest_route=%2Fwp%2Fv2%2Fmedia&parent=21867"}],"wp:term":[{"taxonomy":"category","embeddable":true,"href":"https:\/\/zonaroja.com.mx\/index.php?rest_route=%2Fwp%2Fv2%2Fcategories&post=21867"},{"taxonomy":"post_tag","embeddable":true,"href":"https:\/\/zonaroja.com.mx\/index.php?rest_route=%2Fwp%2Fv2%2Ftags&post=21867"}],"curies":[{"name":"wp","href":"https:\/\/api.w.org\/{rel}","templated":true}]}}