{"id":2187,"date":"2019-07-11T16:53:15","date_gmt":"2019-07-11T21:53:15","guid":{"rendered":"http:\/\/www.zonaroja.com.mx\/?p=2187"},"modified":"2019-07-11T16:53:17","modified_gmt":"2019-07-11T21:53:17","slug":"familiares-de-tres-desaparecidos-en-guila-exigen-a-fiscalia-agilizar-busqueda","status":"publish","type":"post","link":"https:\/\/zonaroja.com.mx\/?p=2187","title":{"rendered":"Familiares de tres desaparecidos en G\u00fcila exigen a Fiscal\u00eda agilizar b\u00fasqueda"},"content":{"rendered":"\n<p>Redacci\u00f3n<\/p>\n\n\n\n<p>Oaxaca de\nJu\u00e1rez, Oax., 11 de julio de 2019.- Familiares de las tres personas\ndesaparecidas el pasado 6 de julio en las inmediaciones de San Felipe G\u00fcil\u00e1, agencia\ndel municipio de Santiago Matatl\u00e1n, exigieron a la Fiscal\u00eda General del Estado\nagilizar la atenci\u00f3n al caso para buscar y localziar a los j\u00f3venes turistas\nlocales.<\/p>\n\n\n\n<p>En\nconferencia de prensa frente al Palacio de Gobierno, demandaron la intervenci\u00f3n\nefectiva de las autoridades de procuraci\u00f3n de justicia en la b\u00fasqueda de las v\u00edctimas\nde desaparici\u00f3n forzada.<\/p>\n\n\n\n<p>Explicaron\nque desde el s\u00e1bado pasado, Everardo, Jos\u00e9 Luis y M\u00f3nica, recorrieron la \u201cRuta\ndel Mezcal\u201d con la intenci\u00f3n de adquirir la famosa bebida para una fiesta\nfamiliar que ten\u00edan planeada; sin embargo, por la tarde su familia fue alertada\nde que eran perseguidos por habitantes del pueblo.<\/p>\n\n\n\n<p>Sin tener\nm\u00e1s detalles al respecto, acudieron al municipio de Tlacolula de Matamoros para\nsolicitar ayuda, as\u00ed como a la Fiscal\u00eda General del Estado de Oaxaca para\ndenunciar la presunta desaparici\u00f3n forzada; sin embargo, hasta el momento la\ninstancia se ha declarado incompetente para hacer presencia en la zona debido a\nconflictos internos en la localidad.<\/p>\n\n\n\n<p>De igual forma, presentaron una queja ante la Defensor\u00eda de los Derechos Humanos del Pueblo de Oaxaca (DDHPO), que tambi\u00e9n ha manifestado la complejidad de ingresar a la zona para realizar la b\u00fasqueda o en su defecto el rescate de las tres personas desaparecidas, de quien no saben nada hasta el momento.<\/p>\n\n\n\n<figure class=\"wp-block-embed-twitter wp-block-embed is-type-rich is-provider-twitter\"><div class=\"wp-block-embed__wrapper\">\n<div class=\"twitter-tweet\"><blockquote class=\"twitter-tweet\" data-lang=\"es\"><p lang=\"es\" dir=\"ltr\"><a href=\"https:\/\/twitter.com\/hashtag\/OaxacaRojo?src=hash&amp;ref_src=twsrc%5Etfw\">#OaxacaRojo<\/a><br>Otra queja por desatenci\u00f3n de la <a href=\"https:\/\/twitter.com\/FISCALIA_GobOax?ref_src=twsrc%5Etfw\">@FISCALIA_GobOax<\/a>; desde hace seis d\u00edas est\u00e1n desaparecidos tres j\u00f3venes en San Felipe G\u00fcil\u00e1 y hasta ahora no han podido iniciar la b\u00fasqueda. Familiares exigen intervenci\u00f3n \u00e1gil de las autoridades. <a href=\"https:\/\/t.co\/yLvIwgSsXa\">pic.twitter.com\/yLvIwgSsXa<\/a><\/p>&mdash; Zona Roja Oaxaca (@MexRoja) <a href=\"https:\/\/twitter.com\/MexRoja\/status\/1149434729768398848?ref_src=twsrc%5Etfw\">11 de julio de 2019<\/a><\/blockquote><\/div>\n<\/div><\/figure>\n\n\n\n<p>\u201cSabemos por\ninformaci\u00f3n que nos comparti\u00f3 la Fiscal\u00eda que se encuentran ah\u00ed, sin embargo,\nninguna instancia se anima a entrar a realizar la b\u00fasqueda o el rescate, lo que\nqueremos es una prueba de vida\u201d, dijeron a los medios de comunicaci\u00f3n.<\/p>\n\n\n\n<p>De igual\nforma, explicaron que en un inicio la misma familia se acerc\u00f3 a la localidad en\ndonde les impidieron el acceso y \u00fanicamente les dijeron que ten\u00edan a una\npersona detenida y dos m\u00e1s estaban escondidos, sin confirmar que se tratara de\nsu familiar y sus amistades.<\/p>\n\n\n\n<p>\u201cSi hicieron\nalg\u00fan delito que lo castiguen con base a la ley pero que nos los entreguen, no\nsabemos si los golpearon, si est\u00e1n vivos, no sabemos nada, esto ya es\ndesesperante\u201d, se\u00f1alaron.<\/p>\n\n\n\n<p>Por lo\nanterior exigieron a la Secretar\u00eda General de Gobierno su intervenci\u00f3n para que\nde una vez por todas puedan ingresar a la localidad y dar cumplimiento al plan\nde b\u00fasqueda de la Agencia Estatal de Investigaciones (AEI), dependiente de la\nFiscal\u00eda.<\/p>\n","protected":false},"excerpt":{"rendered":"<p>Redacci\u00f3n Oaxaca de Ju\u00e1rez, Oax., 11 de julio de 2019.- Familiares de las tres personas&hellip;<\/p>\n","protected":false},"author":2,"featured_media":2188,"comment_status":"closed","ping_status":"open","sticky":false,"template":"","format":"standard","meta":{"_lmt_disableupdate":"","_lmt_disable":"","_jetpack_memberships_contains_paid_content":false,"footnotes":""},"categories":[109,51],"tags":[329,331,320],"class_list":["post-2187","post","type-post","status-publish","format-standard","has-post-thumbnail","hentry","category-minuto-a-minuto","category-zona-roja","tag-desaparecidos-san-felipe-guila","tag-santiago-matatlan","tag-tres-jovenes-desaparecidos-rancho-san-felipe-guila-matatlan"],"jetpack_featured_media_url":"https:\/\/zonaroja.com.mx\/wp-content\/uploads\/2019\/07\/Familiares-desaparecidos-San-Pablo-G\u00fcil\u00e1.jpg","jetpack_sharing_enabled":true,"_links":{"self":[{"href":"https:\/\/zonaroja.com.mx\/index.php?rest_route=\/wp\/v2\/posts\/2187","targetHints":{"allow":["GET"]}}],"collection":[{"href":"https:\/\/zonaroja.com.mx\/index.php?rest_route=\/wp\/v2\/posts"}],"about":[{"href":"https:\/\/zonaroja.com.mx\/index.php?rest_route=\/wp\/v2\/types\/post"}],"author":[{"embeddable":true,"href":"https:\/\/zonaroja.com.mx\/index.php?rest_route=\/wp\/v2\/users\/2"}],"replies":[{"embeddable":true,"href":"https:\/\/zonaroja.com.mx\/index.php?rest_route=%2Fwp%2Fv2%2Fcomments&post=2187"}],"version-history":[{"count":1,"href":"https:\/\/zonaroja.com.mx\/index.php?rest_route=\/wp\/v2\/posts\/2187\/revisions"}],"predecessor-version":[{"id":2189,"href":"https:\/\/zonaroja.com.mx\/index.php?rest_route=\/wp\/v2\/posts\/2187\/revisions\/2189"}],"wp:featuredmedia":[{"embeddable":true,"href":"https:\/\/zonaroja.com.mx\/index.php?rest_route=\/wp\/v2\/media\/2188"}],"wp:attachment":[{"href":"https:\/\/zonaroja.com.mx\/index.php?rest_route=%2Fwp%2Fv2%2Fmedia&parent=2187"}],"wp:term":[{"taxonomy":"category","embeddable":true,"href":"https:\/\/zonaroja.com.mx\/index.php?rest_route=%2Fwp%2Fv2%2Fcategories&post=2187"},{"taxonomy":"post_tag","embeddable":true,"href":"https:\/\/zonaroja.com.mx\/index.php?rest_route=%2Fwp%2Fv2%2Ftags&post=2187"}],"curies":[{"name":"wp","href":"https:\/\/api.w.org\/{rel}","templated":true}]}}