{"id":21872,"date":"2020-12-31T17:14:49","date_gmt":"2020-12-31T23:14:49","guid":{"rendered":"http:\/\/www.zonaroja.com.mx\/?p=21872"},"modified":"2020-12-31T17:14:54","modified_gmt":"2020-12-31T23:14:54","slug":"reitera-uabjo-su-compromiso-por-educar-con-perspectiva-de-genero","status":"publish","type":"post","link":"https:\/\/zonaroja.com.mx\/?p=21872","title":{"rendered":"Reitera UABJO su compromiso por educar con perspectiva de g\u00e9nero"},"content":{"rendered":"\n<p>Evlin Arag\u00f3n\/Zona Roja.<\/p>\n\n\n\n<p>Oaxaca de Ju\u00e1rez, Oax., 31 de diciembre de 2020.- El rector de la Universidad Aut\u00f3noma \u201cBenito Ju\u00e1rez\u201d de Oaxaca, Eduardo Bautista Mart\u00ednez, asegur\u00f3 que existe un compromiso de la m\u00e1xima casa de estudios de educar con perspectiva de g\u00e9nero, de ah\u00ed que se establecen los mecanismos de colaboraci\u00f3n necesarios con distintas \u00e1reas y dependencias especializadas.<\/p>\n\n\n\n<p>Lo anterior en el marco de la reciente conferencia magistral \u201cEl g\u00e9nero en la Ley Penal: cr\u00edtica feminista de la ilusi\u00f3n punitiva\u201d y la clausura del diplomado especializado para la Incorporaci\u00f3n del Enfoque de G\u00e9nero e Interseccional en las Resoluciones Jurisdiccionales, organizado por la Secretar\u00eda de las Mujeres de Oaxaca.&nbsp;<\/p>\n\n\n\n<p>\u201cLa UABJO ratifica su empe\u00f1o y compromiso de no mantenerse como una instituci\u00f3n cerrada, aislada de resto de la sociedad, por el contrario, sus m\u00faltiples v\u00ednculos deben expresarse y ratificarse en estas iniciativas formativas con perspectiva de g\u00e9nero, necesarias en la sociedad actual\u201d, enunci\u00f3.&nbsp;<\/p>\n\n\n\n<p>Bautista Mart\u00ednez asegur\u00f3 que para la universidad siempre ser\u00e1 importante generar las facilidades para la realizaci\u00f3n de procesos formativos de avanzada que no s\u00f3lo buscan incorporar la perspectiva de g\u00e9nero, sino de fondo erradicar la violencia contra las mujeres.<\/p>\n\n\n\n<p>Reconoci\u00f3 que la violencia de g\u00e9nero y feminicida es una problem\u00e1tica que debe ser atendida de manera integral, y que mejor que involucrar al Poder Judicial, encargado justamente de sancionar de manera penal a los agresores, contribuyendo as\u00ed a la no repetici\u00f3n de casos.<\/p>\n\n\n\n<p>\u201cLa meta siempre es clara, hacer coincidir el conjunto de esfuerzos para que podamos proceder a la erradicaci\u00f3n de todas las violencias en contra de las mujeres en los espacios p\u00fablicos. Este es un compromiso al cual la academia, la UABJO, se suma con mucha convicci\u00f3n\u201d, refiri\u00f3.&nbsp;<\/p>\n\n\n\n<p>De ah\u00ed que reconoci\u00f3 lo realizado por la SMO y el Tribunal del Poder Judicial de Oaxaca que proporcion\u00f3 las facilidades a su personal para ser parte del proceso formativo que ayudar\u00e1 a implementar los juicios con perspectiva de g\u00e9nero, como lo amerita la sociedad actual.&nbsp; &nbsp;<\/p>\n\n\n\n<p>Finalmente, record\u00f3 que existe un trabajo importante al interior de universidad para incidir en la erradicaci\u00f3n de la violencia contra las mujeres, acciones que han permitido de primera cuenta identificar hechos espec\u00edficos y actuar en consecuencia.&nbsp;<\/p>\n","protected":false},"excerpt":{"rendered":"<p>Evlin Arag\u00f3n\/Zona Roja. Oaxaca de Ju\u00e1rez, Oax., 31 de diciembre de 2020.- El rector de&hellip;<\/p>\n","protected":false},"author":2,"featured_media":21873,"comment_status":"closed","ping_status":"open","sticky":false,"template":"","format":"standard","meta":{"_lmt_disableupdate":"","_lmt_disable":"","_jetpack_memberships_contains_paid_content":false,"footnotes":""},"categories":[109,46],"tags":[360],"class_list":["post-21872","post","type-post","status-publish","format-standard","has-post-thumbnail","hentry","category-minuto-a-minuto","category-zona-blanca","tag-rector-eduardo-bautista-martinez"],"jetpack_featured_media_url":"https:\/\/zonaroja.com.mx\/wp-content\/uploads\/2020\/12\/Conferencia-rector-Eduardo-Bautista.jpg","jetpack_sharing_enabled":true,"_links":{"self":[{"href":"https:\/\/zonaroja.com.mx\/index.php?rest_route=\/wp\/v2\/posts\/21872","targetHints":{"allow":["GET"]}}],"collection":[{"href":"https:\/\/zonaroja.com.mx\/index.php?rest_route=\/wp\/v2\/posts"}],"about":[{"href":"https:\/\/zonaroja.com.mx\/index.php?rest_route=\/wp\/v2\/types\/post"}],"author":[{"embeddable":true,"href":"https:\/\/zonaroja.com.mx\/index.php?rest_route=\/wp\/v2\/users\/2"}],"replies":[{"embeddable":true,"href":"https:\/\/zonaroja.com.mx\/index.php?rest_route=%2Fwp%2Fv2%2Fcomments&post=21872"}],"version-history":[{"count":1,"href":"https:\/\/zonaroja.com.mx\/index.php?rest_route=\/wp\/v2\/posts\/21872\/revisions"}],"predecessor-version":[{"id":21874,"href":"https:\/\/zonaroja.com.mx\/index.php?rest_route=\/wp\/v2\/posts\/21872\/revisions\/21874"}],"wp:featuredmedia":[{"embeddable":true,"href":"https:\/\/zonaroja.com.mx\/index.php?rest_route=\/wp\/v2\/media\/21873"}],"wp:attachment":[{"href":"https:\/\/zonaroja.com.mx\/index.php?rest_route=%2Fwp%2Fv2%2Fmedia&parent=21872"}],"wp:term":[{"taxonomy":"category","embeddable":true,"href":"https:\/\/zonaroja.com.mx\/index.php?rest_route=%2Fwp%2Fv2%2Fcategories&post=21872"},{"taxonomy":"post_tag","embeddable":true,"href":"https:\/\/zonaroja.com.mx\/index.php?rest_route=%2Fwp%2Fv2%2Ftags&post=21872"}],"curies":[{"name":"wp","href":"https:\/\/api.w.org\/{rel}","templated":true}]}}