{"id":21875,"date":"2020-12-31T17:25:11","date_gmt":"2020-12-31T23:25:11","guid":{"rendered":"http:\/\/www.zonaroja.com.mx\/?p=21875"},"modified":"2020-12-31T17:25:14","modified_gmt":"2020-12-31T23:25:14","slug":"la-violencia-de-genero-no-puede-ser-parte-de-los-usos-y-costumbres-eufrosina-cruz","status":"publish","type":"post","link":"https:\/\/zonaroja.com.mx\/?p=21875","title":{"rendered":"La violencia de g\u00e9nero no puede ser parte de los usos y costumbres: Eufrosina Cruz"},"content":{"rendered":"\n<p>Evlin Arag\u00f3n\/Zona Roja.<\/p>\n\n\n\n<p>Oaxaca de Ju\u00e1rez, Oax., 31 de diciembre de 2020.- La titular de la Secretar\u00eda de los Pueblos Ind\u00edgenas y Afromexicanos, Eufrosina Cruz Mendoza. asegur\u00f3 que la violencia no puede considerarse como parte de los usos y costumbres, por el contrario, debe dejar de normalizare en las comunidades oaxaque\u00f1as.&nbsp;<\/p>\n\n\n\n<p>Lo anterior en el marco de su recorrido por los 40 municipios que cuentan con declaratoria de Alerta de Violencia de G\u00e9nero, en donde ha presentado la campa\u00f1a \u201cQue te caiga el 20. Tejamos una historia sin violencia para las mujeres\u201d, dise\u00f1ada por las comunicadoras Citlalli L\u00f3pez, Laura Gil y Monserrat Antonio Ch\u00e1vez.<\/p>\n\n\n\n<p>En su arribo a la comunidad de Mazatl\u00e1n de Villa de Flores, la funcionaria plante\u00f3 a la autoridad municipal la necesidad de realizar acciones coordinadas para erradicar la violencia en las comunidades, que muchas se argumenta y justifica como parte de las costumbres.<\/p>\n\n\n\n<p>&nbsp;\u201cQue se entienda que una cosa es nuestra costumbre y otra la violencia. La violencia no puede caber en ninguna sociedad y menos que se ampare en los usos y costumbres\u201d, dijo.&nbsp;<\/p>\n\n\n\n<p>Explic\u00f3 que de nada sirve contar con obras de infraestructura en una comunidad si sus habitantes no conocen y hacen valer sus derechos y obligaciones, de ah\u00ed que reitero la importancia de trabajar en acciones que sensibilicen a las autoridades y la poblaci\u00f3n.<\/p>\n\n\n\n<p>Lo mismo expuso ante las mujeres y hombres a quienes les hizo ver que la violencia no es normal y mucho menos es costumbre, por el contrario, se trata de un delito y como tal hay que denunciarlo y sancionarlo con prisi\u00f3n como est\u00e1 estipulado en las leyes mexicanas.&nbsp;<\/p>\n\n\n\n<p>\u201cLa violencia no es normal, la violencia no es costumbre\u2026 no escuchamos a nuestras ni\u00f1as y nuestros ni\u00f1os somos de los primeros estados con mayor abuso sexual en las ni\u00f1as y ni\u00f1os y nos da miedo decirlo, cuestionarlo y denunciarlo\u201d, sentenci\u00f3.<\/p>\n\n\n\n<p>Cruz Mendoza insisti\u00f3 en que la violencia no cabe en los pueblos de Oaxaca, de ah\u00ed la necesidad de emprender campa\u00f1as de sensibilizaci\u00f3n y trabajo con las comunidades, por ello el recorrido por los 40 municipios con Alerta de Violencia de G\u00e9nero, se hace acompa\u00f1ado de un grupo multidisciplinario que ofrece talleres y procesos formativos para toda la poblaci\u00f3n, incluido ni\u00f1as y ni\u00f1os.&nbsp;<\/p>\n\n\n\n<p>Y es que, de acuerdo con especialistas, la violencia debe ser primero reconocida para despu\u00e9s implementar acciones que permitan su erradicaci\u00f3n.&nbsp;<\/p>\n","protected":false},"excerpt":{"rendered":"<p>Evlin Arag\u00f3n\/Zona Roja. Oaxaca de Ju\u00e1rez, Oax., 31 de diciembre de 2020.- La titular de&hellip;<\/p>\n","protected":false},"author":2,"featured_media":21876,"comment_status":"closed","ping_status":"open","sticky":false,"template":"","format":"standard","meta":{"_lmt_disableupdate":"","_lmt_disable":"","_jetpack_memberships_contains_paid_content":false,"footnotes":""},"categories":[109,46],"tags":[2175],"class_list":["post-21875","post","type-post","status-publish","format-standard","has-post-thumbnail","hentry","category-minuto-a-minuto","category-zona-blanca","tag-eufrosina-cruz-mendoza"],"jetpack_featured_media_url":"https:\/\/zonaroja.com.mx\/wp-content\/uploads\/2020\/12\/Eufrosina-Cruz-Sepia.jpg","jetpack_sharing_enabled":true,"_links":{"self":[{"href":"https:\/\/zonaroja.com.mx\/index.php?rest_route=\/wp\/v2\/posts\/21875","targetHints":{"allow":["GET"]}}],"collection":[{"href":"https:\/\/zonaroja.com.mx\/index.php?rest_route=\/wp\/v2\/posts"}],"about":[{"href":"https:\/\/zonaroja.com.mx\/index.php?rest_route=\/wp\/v2\/types\/post"}],"author":[{"embeddable":true,"href":"https:\/\/zonaroja.com.mx\/index.php?rest_route=\/wp\/v2\/users\/2"}],"replies":[{"embeddable":true,"href":"https:\/\/zonaroja.com.mx\/index.php?rest_route=%2Fwp%2Fv2%2Fcomments&post=21875"}],"version-history":[{"count":1,"href":"https:\/\/zonaroja.com.mx\/index.php?rest_route=\/wp\/v2\/posts\/21875\/revisions"}],"predecessor-version":[{"id":21877,"href":"https:\/\/zonaroja.com.mx\/index.php?rest_route=\/wp\/v2\/posts\/21875\/revisions\/21877"}],"wp:featuredmedia":[{"embeddable":true,"href":"https:\/\/zonaroja.com.mx\/index.php?rest_route=\/wp\/v2\/media\/21876"}],"wp:attachment":[{"href":"https:\/\/zonaroja.com.mx\/index.php?rest_route=%2Fwp%2Fv2%2Fmedia&parent=21875"}],"wp:term":[{"taxonomy":"category","embeddable":true,"href":"https:\/\/zonaroja.com.mx\/index.php?rest_route=%2Fwp%2Fv2%2Fcategories&post=21875"},{"taxonomy":"post_tag","embeddable":true,"href":"https:\/\/zonaroja.com.mx\/index.php?rest_route=%2Fwp%2Fv2%2Ftags&post=21875"}],"curies":[{"name":"wp","href":"https:\/\/api.w.org\/{rel}","templated":true}]}}