{"id":21882,"date":"2020-12-31T19:12:45","date_gmt":"2021-01-01T01:12:45","guid":{"rendered":"http:\/\/www.zonaroja.com.mx\/?p=21882"},"modified":"2020-12-31T19:12:50","modified_gmt":"2021-01-01T01:12:50","slug":"2020-ano-en-que-vivimos-en-peligro-con-el-virus-y-sobrevivimos","status":"publish","type":"post","link":"https:\/\/zonaroja.com.mx\/?p=21882","title":{"rendered":"2020, a\u00f1o en que vivimos en peligro con el virus\u2026 y sobrevivimos"},"content":{"rendered":"\n<p>Yuridiana Sosa\/Zona Roja.<\/p>\n\n\n\n<p>Oaxaca de Ju\u00e1rez, Oax., 31 de diciembre de 2020.- Hace un a\u00f1o era inimaginable el escenario de una contingencia sanitaria en Oaxaca por una enfermedad que acababa con decenas de vidas en China. El nuevo coronavirus era ajeno a todo nuestro entorno.<\/p>\n\n\n\n<p>Tres meses despu\u00e9s, en marzo, Oaxaca registr\u00f3 su primer contagio local de Covid-19; la transmisi\u00f3n del virus se propagaba dentro del territorio oaxaque\u00f1o de forma sigilos y con esto, la transici\u00f3n a una nueva vida social.<\/p>\n\n\n\n<p>La suspensi\u00f3n de clases presenciales en todo el territorio mexicano a partir del 23 de marzo, as\u00ed como de lo que ser\u00eda un periodo vacacional por Semana Santa, como lo conoc\u00edamos, poco a poco comenz\u00f3 a paralizar la econom\u00eda.<\/p>\n\n\n\n<p>El virus empez\u00f3 a expandirse en la entidad y las comunidades ind\u00edgenas de Oaxaca fueron las m\u00e1s severas en aplicar las medidas preventivas. Cerraron sus puertas a extra\u00f1os y la vida se concentr\u00f3 en su entorno, que a\u00fan con carencias de todo tipo, esencialmente de servicios de salud, lucharon para salir adelante.<\/p>\n\n\n\n<p>Al cierre de marzo, Oaxaca registr\u00f3 la primera v\u00edctima mortal de Covid-19, al tiempo que la Secretar\u00eda de Salud en M\u00e9xico declaraba la contingencia sanitaria frente a lo que para el mundo a\u00fan era desconocido para atender.<\/p>\n\n\n\n<p>A partir de ese momento nada volver\u00eda a ser como lo conoc\u00edamos hasta ese entonces.<\/p>\n\n\n\n<p>En medio de la incredulidad todav\u00eda para cientos, poco a poco los rostros comenzaron a cubrirse por la mitad con una mascarilla y los abrazos se prohibieron. La demanda por el gel antibacterial y el alcohol estall\u00f3.<\/p>\n\n\n\n<p>Ferias, carnavales, calendas, verbenas, muerteadas, fiestas patronales, de las que se celebran todo el a\u00f1o en la entidad, se suspendieron.<\/p>\n\n\n\n<p>Los hoteles comenzaron a registrar la cancelaci\u00f3n de reservaciones; establecimientos de todo tipo bajaron cortinas. Pero en la resistencia se mantuvieron los que viven de las ventas del d\u00eda.<\/p>\n\n\n\n<p>Este a\u00f1o no hubo Guelaguetza en julio, ni Noche de R\u00e1banos en diciembre. Los grandes complejos administrativos del gobierno estatal, Ciudad Administrativa y Judicial, quedaron vac\u00edos, pero como nunca, los hospitales saturados.<\/p>\n\n\n\n<p>La declaratoria del sem\u00e1foro rojo para la entidad, que orden\u00f3 el cierre total de establecimientos a excepci\u00f3n de los que ofrec\u00edan servicios y productos de primera necesidad lleg\u00f3 el 31 de mayo, donde se mantuvo el mes de junio, alcanzando el naranja a inicios de julio.<\/p>\n\n\n\n<p>El virus arrebat\u00f3 este 2020 la vida de m\u00e1s de dos mil 100 oaxaque\u00f1os; afectado la salud de m\u00e1s de 25 mil personas que lo padecieron y se recuperaron, seg\u00fan datos oficiales de los Servicios de Salud de Oaxaca; aunque la cifra negra se estima es 10 veces m\u00e1s.<\/p>\n\n\n\n<p>Entre las defunciones por el coronavirus se contabilizan la de ocho presidentes municipales, registradas entre los meses de junio a septiembre; tambi\u00e9n, un diputado local y servidores p\u00fablicos, adem\u00e1s de personal m\u00e9dico.<\/p>\n\n\n\n<p>Pero el hambre para unos y el aburrimiento acabaron poco a poco con el aislamiento, con la sana distancia y relajando todo tipo de medidas frente a la contingencia. Incluso, las protestas sociales se intensificaron en el \u00faltimo trimestre. Marchas, bloqueos y plantones.<\/p>\n\n\n\n<p>Situaci\u00f3n por la que en diferentes momentos Oaxaca transit\u00f3 del sem\u00e1foro amarillo al naranja, como ocurri\u00f3 a mediados del mes de diciembre, sin embargo, los repuntes de casos comenzaron, lo que pone en riesgo a la poblaci\u00f3n de un regreso al sem\u00e1foro rojo para el comienzo del 2021.<\/p>\n\n\n\n<p>La batalla contra el Covid-19 contin\u00faa, a\u00fan en medio de la pobreza, el hambre y el olvido gubernamental para su poblaci\u00f3n y hasta para los hospitales.<\/p>\n","protected":false},"excerpt":{"rendered":"<p>Yuridiana Sosa\/Zona Roja. Oaxaca de Ju\u00e1rez, Oax., 31 de diciembre de 2020.- Hace un a\u00f1o&hellip;<\/p>\n","protected":false},"author":2,"featured_media":21883,"comment_status":"closed","ping_status":"open","sticky":false,"template":"","format":"standard","meta":{"_lmt_disableupdate":"","_lmt_disable":"","_jetpack_memberships_contains_paid_content":false,"footnotes":""},"categories":[109,47],"tags":[1512],"class_list":["post-21882","post","type-post","status-publish","format-standard","has-post-thumbnail","hentry","category-minuto-a-minuto","category-zona-gris","tag-coronavirus-oaxaca"],"jetpack_featured_media_url":"https:\/\/zonaroja.com.mx\/wp-content\/uploads\/2020\/12\/Covid-Oaxaca-2.jpg","jetpack_sharing_enabled":true,"_links":{"self":[{"href":"https:\/\/zonaroja.com.mx\/index.php?rest_route=\/wp\/v2\/posts\/21882","targetHints":{"allow":["GET"]}}],"collection":[{"href":"https:\/\/zonaroja.com.mx\/index.php?rest_route=\/wp\/v2\/posts"}],"about":[{"href":"https:\/\/zonaroja.com.mx\/index.php?rest_route=\/wp\/v2\/types\/post"}],"author":[{"embeddable":true,"href":"https:\/\/zonaroja.com.mx\/index.php?rest_route=\/wp\/v2\/users\/2"}],"replies":[{"embeddable":true,"href":"https:\/\/zonaroja.com.mx\/index.php?rest_route=%2Fwp%2Fv2%2Fcomments&post=21882"}],"version-history":[{"count":1,"href":"https:\/\/zonaroja.com.mx\/index.php?rest_route=\/wp\/v2\/posts\/21882\/revisions"}],"predecessor-version":[{"id":21884,"href":"https:\/\/zonaroja.com.mx\/index.php?rest_route=\/wp\/v2\/posts\/21882\/revisions\/21884"}],"wp:featuredmedia":[{"embeddable":true,"href":"https:\/\/zonaroja.com.mx\/index.php?rest_route=\/wp\/v2\/media\/21883"}],"wp:attachment":[{"href":"https:\/\/zonaroja.com.mx\/index.php?rest_route=%2Fwp%2Fv2%2Fmedia&parent=21882"}],"wp:term":[{"taxonomy":"category","embeddable":true,"href":"https:\/\/zonaroja.com.mx\/index.php?rest_route=%2Fwp%2Fv2%2Fcategories&post=21882"},{"taxonomy":"post_tag","embeddable":true,"href":"https:\/\/zonaroja.com.mx\/index.php?rest_route=%2Fwp%2Fv2%2Ftags&post=21882"}],"curies":[{"name":"wp","href":"https:\/\/api.w.org\/{rel}","templated":true}]}}