{"id":21890,"date":"2020-12-31T22:06:26","date_gmt":"2021-01-01T04:06:26","guid":{"rendered":"https:\/\/www.zonaroja.com.mx\/?p=21890"},"modified":"2020-12-31T22:15:07","modified_gmt":"2021-01-01T04:15:07","slug":"termina-el-2020-con-2126-fallecidos-por-covid-y-28-mil-136-contagiados","status":"publish","type":"post","link":"https:\/\/zonaroja.com.mx\/?p=21890","title":{"rendered":"Termina el 2020 con 2,126 fallecidos por Covid y 28 mil 136 contagiados"},"content":{"rendered":"\n<p>Redacci\u00f3n\/Zona Roja. <\/p>\n\n\n\n<p>Oaxaca de Ju\u00e1rez, Oax. 31 de diciembre de 2020.- En el \u00faltimo d\u00eda del a\u00f1o, Oaxaca cuantific\u00f3 226 contagios nuevos de Covid-19, elevando la cifra a 28 mil 316 infectados por la enfermedad, desde el pasado <a href=\"\/\/1\">14 de marzo<\/a>.<\/p>\n\n\n\n<p>Asimismo, las \u00faltimas cifras muestran 10 nuevos fallecimientos ligados al coronavirus, para un total de dos mil 126 muertos, as\u00ed lo inform\u00f3 el secretario de Salud en la entidad, Donato Casas Escamilla.<\/p>\n\n\n\n<p>Indic\u00f3 que la Jurisdicci\u00f3n Sanitaria de Valles Centrales se ubica en el primer lugar a nivel estatal en la incidencia de contagios, tanto por sus 19 mil 438 casos confirmados, como por sus mil 102 decesos acumulados.<\/p>\n\n\n\n<p>Seguido por el Istmo con dos mil 469 positivos y 331 muertes; Mixteca con dos mil 099 y 192 decesos; Tuxtepec con mil 966 y 282 perdidas fatales; Costa con mil 445 y 140 fallecimientos, Sierra con 899 y 79 decesos.<\/p>\n\n\n\n<p>Se\u00f1al\u00f3 que la capacidad hospitalaria para atender a los contagiados de SARS-CoV-2, se encuentra <a href=\"\/\/2\">este jueves<\/a> al 45%, de decir el 50.7% corresponde a camas sin ventilador y el 32.8% con ventilador.<\/p>\n\n\n\n<p>Casas Escamilla mencion\u00f3 que los pacientes contabilizados en las \u00faltimas 24 horas pertenecen a 59 municipios, principalmente: Oaxaca de Ju\u00e1rez con 73 casos, Santa Cruz Xoxocotl\u00e1n con 18, Santa Luc\u00eda del Camino con 14; el resto ocho, siete, seis, cinco, cuatro, tres, dos y uno.<\/p>\n\n\n\n<p>Asimismo, puntualiz\u00f3 que se tiene un total de 623 casos activos, 25 mil 584 personas han recibido su alta sanitaria, se han realizado 45 mil 027 pruebas para el diagn\u00f3stico de la enfermedad, 12 mil 622 muestras han sido negativas y hay 4 mil 089 sospechosos.<\/p>\n\n\n\n<p>El funcionario especific\u00f3 que desde el inicio de la emergencia sanitaria 13 mil 175 mujeres se han contagiado de la enfermedad respiratoria, cifra que representan el 47% del total de casos, as\u00ed como 15 mil 141 hombres, que corresponden al 53.5%; del total de pacientes el 17.7% han requerido hospitalizaci\u00f3n.<\/p>\n\n\n\n<p>Determin\u00f3 que del personal de Salud que ha resultado positivo a Covid-19, mil 115 es personal m\u00e9dico, mil 427 son profesionales de enfermer\u00eda y mil 215 de otros perfiles del sector.<\/p>\n\n\n\n<p>Finalmente, hizo un llamado para que las y los oaxaque\u00f1os no relajen las medidas sanitarias, evitar las \u00e1reas con poca ventilaci\u00f3n, disminuir la movilidad, sobre todo los adolescentes y j\u00f3venes, as\u00ed como cuidar a los grupos vulnerables.<\/p>\n","protected":false},"excerpt":{"rendered":"<p>Redacci\u00f3n\/Zona Roja. Oaxaca de Ju\u00e1rez, Oax. 31 de diciembre de 2020.- En el \u00faltimo d\u00eda&hellip;<\/p>\n","protected":false},"author":2,"featured_media":21889,"comment_status":"closed","ping_status":"open","sticky":false,"template":"","format":"standard","meta":{"_lmt_disableupdate":"","_lmt_disable":"","_jetpack_memberships_contains_paid_content":false,"footnotes":""},"categories":[109,47],"tags":[1497],"class_list":["post-21890","post","type-post","status-publish","format-standard","has-post-thumbnail","hentry","category-minuto-a-minuto","category-zona-gris","tag-coronavirus-en-oaxaca"],"jetpack_featured_media_url":"https:\/\/zonaroja.com.mx\/wp-content\/uploads\/2020\/12\/b0fafc86-b968-422d-afd3-da1bb5402e5d.jpg","jetpack_sharing_enabled":true,"_links":{"self":[{"href":"https:\/\/zonaroja.com.mx\/index.php?rest_route=\/wp\/v2\/posts\/21890","targetHints":{"allow":["GET"]}}],"collection":[{"href":"https:\/\/zonaroja.com.mx\/index.php?rest_route=\/wp\/v2\/posts"}],"about":[{"href":"https:\/\/zonaroja.com.mx\/index.php?rest_route=\/wp\/v2\/types\/post"}],"author":[{"embeddable":true,"href":"https:\/\/zonaroja.com.mx\/index.php?rest_route=\/wp\/v2\/users\/2"}],"replies":[{"embeddable":true,"href":"https:\/\/zonaroja.com.mx\/index.php?rest_route=%2Fwp%2Fv2%2Fcomments&post=21890"}],"version-history":[{"count":1,"href":"https:\/\/zonaroja.com.mx\/index.php?rest_route=\/wp\/v2\/posts\/21890\/revisions"}],"predecessor-version":[{"id":21891,"href":"https:\/\/zonaroja.com.mx\/index.php?rest_route=\/wp\/v2\/posts\/21890\/revisions\/21891"}],"wp:featuredmedia":[{"embeddable":true,"href":"https:\/\/zonaroja.com.mx\/index.php?rest_route=\/wp\/v2\/media\/21889"}],"wp:attachment":[{"href":"https:\/\/zonaroja.com.mx\/index.php?rest_route=%2Fwp%2Fv2%2Fmedia&parent=21890"}],"wp:term":[{"taxonomy":"category","embeddable":true,"href":"https:\/\/zonaroja.com.mx\/index.php?rest_route=%2Fwp%2Fv2%2Fcategories&post=21890"},{"taxonomy":"post_tag","embeddable":true,"href":"https:\/\/zonaroja.com.mx\/index.php?rest_route=%2Fwp%2Fv2%2Ftags&post=21890"}],"curies":[{"name":"wp","href":"https:\/\/api.w.org\/{rel}","templated":true}]}}