{"id":21896,"date":"2021-01-01T07:28:08","date_gmt":"2021-01-01T13:28:08","guid":{"rendered":"http:\/\/www.zonaroja.com.mx\/?p=21896"},"modified":"2021-01-01T07:28:12","modified_gmt":"2021-01-01T13:28:12","slug":"en-cuatro-anos-alejandro-murat-supero-los-feminicidios-del-sexenio-de-su-padre","status":"publish","type":"post","link":"https:\/\/zonaroja.com.mx\/?p=21896","title":{"rendered":"En cuatro a\u00f1os, Alejandro Murat super\u00f3 los feminicidios del sexenio de su padre"},"content":{"rendered":"\n<p>Yuridiana Sosa\/Zona Roja.<\/p>\n\n\n\n<p>Oaxaca de Ju\u00e1rez, Oax., 1 de enero de 2021.-&nbsp; A\u00fan faltan dos a\u00f1os para concluir el sexenio actual, pero el gobierno que encabeza Alejandro Murat Hinojosa ya se perfila como uno de los mandatos m\u00e1s violentos para las mujeres, superando el sexenio de Jos\u00e9 Murat Casab.<\/p>\n\n\n\n<p>As\u00ed lo demuestra un recuento de casos realizado por el Grupo de Estudios sobre la Mujer \u201cRosario Castellanos\u201d (GES Mujer), al cierre del a\u00f1o 2020, donde adem\u00e1s el organismo conden\u00f3 el grave incremento de violencia en medio de la contingencia por Covid-19, principalmente la violencia dom\u00e9stica.<\/p>\n\n\n\n<p>De acuerdo al conteo de la organizaci\u00f3n, en los cuatro a\u00f1os del sexenio actual se han cometido 495 feminicidios, apenas 32 menos que el sexenio anterior de Gabino Cu\u00e9 Monteagudo, con 527.<\/p>\n\n\n\n<p>Sin embargo, esos datos ya lo posicionan como el segundo periodo de gobierno con m\u00e1s homicidios de mujeres, por arriba del que encabez\u00f3 Jos\u00e9 Murat, con 427 casos y Ulises Ruiz, 284.<\/p>\n\n\n\n<p>Esto a pesar que durante la presente administraci\u00f3n se han reformado leyes para la protecci\u00f3n de los derechos y la vida de las mujeres, adem\u00e1s de una declaratoria de una Alerta de Violencia de G\u00e9nero para 40 municipios con mayor n\u00famero de casos.<\/p>\n\n\n\n<p>Pero, aun as\u00ed, ni las pol\u00edticas p\u00fablicas ni la justicia se han ejercido, pues desde la Alerta de g\u00e9nero, emitida el 30 de agosto de 2018 a la fecha, se han registrado 280 feminicidios contra ni\u00f1as y mujeres.<\/p>\n\n\n\n<p>GES Mujer dijo que durante este a\u00f1o la violencia de ha concentrado en el 51 por ciento de los municipios con Alerta de g\u00e9nero y en un 49 por ciento en los municipios sin alerta, \u201clo que es preocupante debido a que en municipios que no se consideraron de alto riesgo la violencia feminicida ha cobrado la mitad de las v\u00edctimas del 2020\u201d.<\/p>\n\n\n\n<p>Agreg\u00f3 que la gravedad tambi\u00e9n se ubica en que los feminicidios se han cometido cada vez m\u00e1s en la poblaci\u00f3n infantil, la cual represent\u00f3 el 14% de las v\u00edctimas de violencia feminicida.<\/p>\n\n\n\n<p>Mientras que en este a\u00f1o el 25 por ciento de los cuerpos de las mujeres y ni\u00f1as v\u00edctimas de feminicidio fueron abandonados en lotes bald\u00edos, barrancos, poblados solitarios, caminos de terracer\u00eda, en el basurero, en fosas clandestinas, noria o a la orilla de presas.<\/p>\n\n\n\n<p>GES Mujer tambi\u00e9n se\u00f1al\u00f3 la carencia de mecanismos de b\u00fasqueda inmediata de todos los casos de desaparici\u00f3n de ni\u00f1as y mujeres y que el 67 por ciento de la totalidad de muertes violentas ocurridas en el a\u00f1o, han sido por impacto de balas, lo que demuestra que la falta de control de armas de fuego.<\/p>\n\n\n\n<p>Frente a ese panorama, la organizaci\u00f3n defensora de las mujeres demand\u00f3 a las instituciones encargadas de la prevenci\u00f3n, atenci\u00f3n y sanci\u00f3n a la violencia de g\u00e9nero lleven a cabo las gestiones necesarias y asignen los recursos humanos, materiales y financieros para protecci\u00f3n de las mujeres.<\/p>\n\n\n\n<p>Entre las medidas que propuso GES Mujer se encuentran realizar un an\u00e1lisis del contexto comunitario de los factores de riesgo a fin de definir acciones estrat\u00e9gicas de alto impacto; an\u00e1lisis del contexto comunitario de los factores de protecci\u00f3n; campa\u00f1as de difusi\u00f3n para desnaturalizar las violencias hacia ni\u00f1as y mujeres; realizar servicios especializados legales, psicol\u00f3gicos, con peritajes profesionales y de apoyo social a trav\u00e9s de un protocolo de atenci\u00f3n, sin re-victimizar a las mujeres y las ni\u00f1as.<\/p>\n","protected":false},"excerpt":{"rendered":"<p>Yuridiana Sosa\/Zona Roja. Oaxaca de Ju\u00e1rez, Oax., 1 de enero de 2021.-&nbsp; A\u00fan faltan dos&hellip;<\/p>\n","protected":false},"author":2,"featured_media":9613,"comment_status":"closed","ping_status":"open","sticky":false,"template":"","format":"standard","meta":{"_lmt_disableupdate":"","_lmt_disable":"","_jetpack_memberships_contains_paid_content":false,"footnotes":""},"categories":[109,47],"tags":[610],"class_list":["post-21896","post","type-post","status-publish","format-standard","has-post-thumbnail","hentry","category-minuto-a-minuto","category-zona-gris","tag-feminicidios-oaxaca"],"jetpack_featured_media_url":"https:\/\/zonaroja.com.mx\/wp-content\/uploads\/2020\/03\/Feminicidios-Oaxaca.png","jetpack_sharing_enabled":true,"_links":{"self":[{"href":"https:\/\/zonaroja.com.mx\/index.php?rest_route=\/wp\/v2\/posts\/21896","targetHints":{"allow":["GET"]}}],"collection":[{"href":"https:\/\/zonaroja.com.mx\/index.php?rest_route=\/wp\/v2\/posts"}],"about":[{"href":"https:\/\/zonaroja.com.mx\/index.php?rest_route=\/wp\/v2\/types\/post"}],"author":[{"embeddable":true,"href":"https:\/\/zonaroja.com.mx\/index.php?rest_route=\/wp\/v2\/users\/2"}],"replies":[{"embeddable":true,"href":"https:\/\/zonaroja.com.mx\/index.php?rest_route=%2Fwp%2Fv2%2Fcomments&post=21896"}],"version-history":[{"count":1,"href":"https:\/\/zonaroja.com.mx\/index.php?rest_route=\/wp\/v2\/posts\/21896\/revisions"}],"predecessor-version":[{"id":21897,"href":"https:\/\/zonaroja.com.mx\/index.php?rest_route=\/wp\/v2\/posts\/21896\/revisions\/21897"}],"wp:featuredmedia":[{"embeddable":true,"href":"https:\/\/zonaroja.com.mx\/index.php?rest_route=\/wp\/v2\/media\/9613"}],"wp:attachment":[{"href":"https:\/\/zonaroja.com.mx\/index.php?rest_route=%2Fwp%2Fv2%2Fmedia&parent=21896"}],"wp:term":[{"taxonomy":"category","embeddable":true,"href":"https:\/\/zonaroja.com.mx\/index.php?rest_route=%2Fwp%2Fv2%2Fcategories&post=21896"},{"taxonomy":"post_tag","embeddable":true,"href":"https:\/\/zonaroja.com.mx\/index.php?rest_route=%2Fwp%2Fv2%2Ftags&post=21896"}],"curies":[{"name":"wp","href":"https:\/\/api.w.org\/{rel}","templated":true}]}}