{"id":21898,"date":"2021-01-01T07:33:15","date_gmt":"2021-01-01T13:33:15","guid":{"rendered":"http:\/\/www.zonaroja.com.mx\/?p=21898"},"modified":"2021-01-01T07:33:21","modified_gmt":"2021-01-01T13:33:21","slug":"oaxaca-cierra-2020-con-mas-de-20-mil-hectareas-siniestradas-por-incendios","status":"publish","type":"post","link":"https:\/\/zonaroja.com.mx\/?p=21898","title":{"rendered":"Oaxaca cierra 2020 con m\u00e1s de 20 mil hect\u00e1reas siniestradas por incendios"},"content":{"rendered":"\n<p>Yuridiana Sosa\/Zona Roja.<\/p>\n\n\n\n<p>Oaxaca de Ju\u00e1rez, Oax., 31 de diciembre de 2020.- En el transcurso del 2020 se registraron en la entidad 231 incendios forestales en todo el territorio oaxaque\u00f1o, con una afectaci\u00f3n, preliminar hasta este fin de a\u00f1o, de 20 mil 827.59 hect\u00e1reas afectadas, de acuerdo a datos de la Comisi\u00f3n Estatal Forestal (Coesfo).<\/p>\n\n\n\n<p>El \u00faltimo incendio confirmado del a\u00f1o se registr\u00f3 anoche en los parajes \u201cLa Ventana\u201d y \u201cEl Tablero\u201d, en la localidad Sol y Luna, de San Miguel Chimalapa, que era combatido por una brigada estatal.<\/p>\n\n\n\n<p>Tambi\u00e9n ayer fue controlado otro incendio en San Miguel Chimalapa, donde el fuego arras\u00f3 con 90 hect\u00e1reas de selva en el paraje de \u201cEl Tanquecito\u201d, inform\u00f3 el director de la Coesfo, Aar\u00f3n Ju\u00e1rez.<\/p>\n\n\n\n<p>Con un corte al 29 de diciembre, en Oaxaca se registraron 231 incendios en el 2020, cifra menor a lo registrado en el 2019, con un saldo de 251 siniestros forestales y una afectaci\u00f3n de 57 mil 434 hect\u00e1reas.<\/p>\n\n\n\n<p>Entre los incendios que mayores da\u00f1os registraron este a\u00f1o fue el ocurrido en marzo en Santa Mar\u00eda Jaltianguis, en la Sierra Norte, donde el fuego devast\u00f3 entre 80 y 100 hect\u00e1reas de bosque y cultivos, con la p\u00e9rdida tambi\u00e9n de algunos animales de la vida silvestre que resultaron calcinados, inform\u00f3 la Comisi\u00f3n Estatal Forestal (Coesfo).<\/p>\n\n\n\n<p>Dicho incendio se combati\u00f3 durante 13 horas contin\u00faas en las que participaron aproximadamente 200 comuneros, 100 habitantes de municipios vecinos y dos brigadas contra incendio por parte de la Coesfo.<\/p>\n\n\n\n<p>Tambi\u00e9n a finales del tercer mes, en San Pedro y San Pablo Ayutla, en la zona Mixe, ocurri\u00f3 otro, sin embargo, la carencia de agua potable en la comunidad aumentaba el riesgo de la extensi\u00f3n del fuego.<\/p>\n\n\n\n<p>En el mes de abril ocurri\u00f3 otro desastre forestal en territorios de los municipios mixtecos de Santos Reyes Tepejillo, Santiago Juxtlahuaca, San Juan Mixtepec y San Miguel Tlacotepec, donde el fuego arras\u00f3 con 600 hect\u00e1reas de \u00e1reas verdes, en su mayor\u00eda constituidas por bosque de pino.<\/p>\n\n\n\n<p>Con un total de 104 incendios forestales en la entidad en los primeros cuatro meses del a\u00f1o, el a\u00f1o 2020 ya registraba el 85 por ciento de los incendios durante el 2019, sin embargo, afortunadamente no logr\u00f3 superar los siniestros al cierre del a\u00f1o.<\/p>\n","protected":false},"excerpt":{"rendered":"<p>Yuridiana Sosa\/Zona Roja. Oaxaca de Ju\u00e1rez, Oax., 31 de diciembre de 2020.- En el transcurso&hellip;<\/p>\n","protected":false},"author":2,"featured_media":21899,"comment_status":"closed","ping_status":"open","sticky":false,"template":"","format":"standard","meta":{"_lmt_disableupdate":"","_lmt_disable":"","_jetpack_memberships_contains_paid_content":false,"footnotes":""},"categories":[47],"tags":[1256],"class_list":["post-21898","post","type-post","status-publish","format-standard","has-post-thumbnail","hentry","category-zona-gris","tag-incendios-forestales-oaxaca"],"jetpack_featured_media_url":"https:\/\/zonaroja.com.mx\/wp-content\/uploads\/2021\/01\/Incendios-forestales-Oaxaca.jpg","jetpack_sharing_enabled":true,"_links":{"self":[{"href":"https:\/\/zonaroja.com.mx\/index.php?rest_route=\/wp\/v2\/posts\/21898","targetHints":{"allow":["GET"]}}],"collection":[{"href":"https:\/\/zonaroja.com.mx\/index.php?rest_route=\/wp\/v2\/posts"}],"about":[{"href":"https:\/\/zonaroja.com.mx\/index.php?rest_route=\/wp\/v2\/types\/post"}],"author":[{"embeddable":true,"href":"https:\/\/zonaroja.com.mx\/index.php?rest_route=\/wp\/v2\/users\/2"}],"replies":[{"embeddable":true,"href":"https:\/\/zonaroja.com.mx\/index.php?rest_route=%2Fwp%2Fv2%2Fcomments&post=21898"}],"version-history":[{"count":1,"href":"https:\/\/zonaroja.com.mx\/index.php?rest_route=\/wp\/v2\/posts\/21898\/revisions"}],"predecessor-version":[{"id":21900,"href":"https:\/\/zonaroja.com.mx\/index.php?rest_route=\/wp\/v2\/posts\/21898\/revisions\/21900"}],"wp:featuredmedia":[{"embeddable":true,"href":"https:\/\/zonaroja.com.mx\/index.php?rest_route=\/wp\/v2\/media\/21899"}],"wp:attachment":[{"href":"https:\/\/zonaroja.com.mx\/index.php?rest_route=%2Fwp%2Fv2%2Fmedia&parent=21898"}],"wp:term":[{"taxonomy":"category","embeddable":true,"href":"https:\/\/zonaroja.com.mx\/index.php?rest_route=%2Fwp%2Fv2%2Fcategories&post=21898"},{"taxonomy":"post_tag","embeddable":true,"href":"https:\/\/zonaroja.com.mx\/index.php?rest_route=%2Fwp%2Fv2%2Ftags&post=21898"}],"curies":[{"name":"wp","href":"https:\/\/api.w.org\/{rel}","templated":true}]}}