{"id":2190,"date":"2019-07-11T17:53:46","date_gmt":"2019-07-11T22:53:46","guid":{"rendered":"http:\/\/www.zonaroja.com.mx\/?p=2190"},"modified":"2019-07-11T17:53:49","modified_gmt":"2019-07-11T22:53:49","slug":"hallan-arsenal-con-detenidos-de-presunto-grupo-armado-en-san-dionisio","status":"publish","type":"post","link":"https:\/\/zonaroja.com.mx\/?p=2190","title":{"rendered":"Hallan arsenal con detenidos de presunto grupo armado en San Dionisio"},"content":{"rendered":"\n<p>Ismael\nGarc\u00eda M.<\/p>\n\n\n\n<p>San Dionisio\nOcotepec, Oax., 11 de julio de 2019.- Al menos cinco armas largas y una corta,\nde uso exclusivo del Ej\u00e9rcito Mexicano, as\u00ed como un centenar de cartuchos,\nbinoculares, celulares y un dron, hallaron pobladores y autoridades municipales\nde San Dionisio Ocotepec en un predio que ocupaba el empresario mezcalero Edy\nMonterrosa, en una zona colindante con Santiago Matatl\u00e1n.<\/p>\n\n\n\n<p>Este jueves,\nmostraron a representantes de los medios de comunicaci\u00f3n el arsenal y a las 15\npersonas detenidas, las cuales algunas de ellas revelaron que fueron\ncontratadas para resguardar el sitio y hacer frente a los pobladores en caso de\nque fuera necesario.<\/p>\n\n\n\n<p>\u201cEstamos ac\u00e1\ndesde el domingo pero las autoridades nos han tratado bien, nos han dado de\ncomer, dormimos en un sal\u00f3n, hemos podido hablar con nuestros familiares;\ndesmentimos que nos hayan golpeado o torturado\u201d, dijeron varios de ellos.<\/p>\n\n\n\n<p>CRUENTA\nHISTORIA<\/p>\n\n\n\n<p>De acuerdo\ncon representantes de la asamblea de San Dionisio, desde noviembre de 2018 se\ndetermin\u00f3 requerir el predio ubicado en el paraje \u201cEl Zapoteco\u201d, l\u00edmites con\nMatatl\u00e1n, que se le hab\u00eda rentado al empresario Edy Monterrosa; pese a que se\nle notific\u00f3 que deb\u00eda demoler una antena grande que coloc\u00f3 as\u00ed como retirar sus\nbienes, no lo hizo.<\/p>\n\n\n\n<p>El pasado 19\nde enero se reiter\u00f3 la&nbsp; orden, de nueva\ncuenta el 7 de abril se insisti\u00f3 y un grupo de comuneros arribaron a esa zona a\nnotificarle al se\u00f1or Everardo Mateo Escobar la determinaci\u00f3n de la asamblea que\ndesocupara y entregara el predio, para lo cual se le dio un plazo de tres\nmeses, que se cumpli\u00f3 el 7 de julio.<\/p>\n\n\n\n<p>Al no haber\nrespuesta, toda la poblaci\u00f3n acudi\u00f3 a la zona y hall\u00f3 el arsenal mostrado a los\nmedios de comunicaci\u00f3n; hab\u00eda tambi\u00e9n un vigilante permanente en la torre, un\ncomedor lujoso, un ba\u00f1o y una fosa s\u00e9ptica; asimismo, se le invit\u00f3 a las 15\npersonas halladas, trasladarse al palacio municipal. <\/p>\n\n\n\n<p>Presumiblemente\nhab\u00eda hieleras con sangre y probables restos humanos, as\u00ed como enervantes.<\/p>\n\n\n\n<p>NULA\nRESPUESTA<\/p>\n\n\n\n<p>Desde el pasado domingo requirieron la intervenci\u00f3n de las autoridades estatales, principalmente de la Fiscal\u00eda General del Estado de Oaxaca; sin embargo:<\/p>\n\n\n\n<figure class=\"wp-block-embed-twitter wp-block-embed is-type-rich is-provider-twitter\"><div class=\"wp-block-embed__wrapper\">\n<div class=\"twitter-tweet\"><blockquote class=\"twitter-tweet\" data-lang=\"es\"><p lang=\"es\" dir=\"ltr\"><a href=\"https:\/\/twitter.com\/hashtag\/OaxacaRojo?src=hash&amp;ref_src=twsrc%5Etfw\">#OaxacaRojo<\/a><br>A cinco d\u00edas de hechos, la <a href=\"https:\/\/twitter.com\/FISCALIA_GobOax?ref_src=twsrc%5Etfw\">@FISCALIA_GobOax<\/a> ha sido omisa en atender la denuncia de San Dionisio Ocotepec, <a href=\"https:\/\/twitter.com\/hashtag\/Oaxaca?src=hash&amp;ref_src=twsrc%5Etfw\">#Oaxaca<\/a>, y s\u00f3lo amenaza, denuncian autoridades. Dan un plazo al <a href=\"https:\/\/twitter.com\/GobOax?ref_src=twsrc%5Etfw\">@goboax<\/a> de lo contrario tomar\u00e1n otras medidas, como cerrar la v\u00eda federal 190. <a href=\"https:\/\/t.co\/4q0FsGMWmn\">pic.twitter.com\/4q0FsGMWmn<\/a><\/p>&mdash; Zona Roja Oaxaca (@MexRoja) <a href=\"https:\/\/twitter.com\/MexRoja\/status\/1149380998167240704?ref_src=twsrc%5Etfw\">11 de julio de 2019<\/a><\/blockquote><\/div>\n<\/div><\/figure>\n\n\n\n<p>\u201cHan sido\ntotalmente omisas; de Fiscal\u00eda no hemos tenido ning\u00fan acercamiento m\u00e1s que\nllamadas para amenazarnos y hasta ah\u00ed, pero no ha habido una postura para\nnegociar, que se colme la petici\u00f3n general de la comunidad que es que se presente\nel se\u00f1or Edy Monterrosa M\u00e9ndez a firmar un acuerdo de paz\u201d.<\/p>\n\n\n\n<p>&#8211;\u00bfEn qu\u00e9\nhan consistido estas amenazas?<\/p>\n\n\n\n<p>&#8211;En que nos\nvan a integrar o est\u00e1n integrando carpetas de investigaci\u00f3n por secuestro,\nextorsi\u00f3n, privaci\u00f3n ilegal de la libertad, da\u00f1os, despojo y los que se\nconfiguren.<\/p>\n\n\n\n<p>&#8211;\u00bfConsidera\nque est\u00e1n encubriendo a Edy Monterrosa?<\/p>\n\n\n\n<p>&#8211;Respetuosamente\na las instituciones, consideramos que s\u00ed; culpamos de esto directamente al\ngobernador Alejandro Murat Hinojosa.<\/p>\n\n\n\n<p>&#8211;En caso de\nque venga alguna autoridad, \u00bfhay garant\u00edas para le den acceso?<\/p>\n\n\n\n<p>&#8211;Ayer nos\nenlaz\u00f3 una persona de la Segego, sin identificarse, a quien le garantizamos que\nhab\u00eda las condiciones para que una comisi\u00f3n pudiera ingresar para entablar\nmesas de di\u00e1logo; hasta ahorita no hemos tenido respuesta.<\/p>\n\n\n\n<p>BIEN TRATADOS\n<\/p>\n\n\n\n<p>Varias de las\npersonas aceptaron que han sido tratados de manera adecuada y que no han sido\nviolados sus derechos humanos; pidieron asimismo al empresario Edy Monterrosa\nque se acerque y firme el acuerdo, para poder ser liberados y ver a sus\nfamilias.<\/p>\n\n\n\n<p>Unos son de\nJuchit\u00e1n, otros de la ciudad de Oaxaca; unos m\u00e1s de Tabasco, Chiapas y\nVeracruz; unos reconocieron que fueron contratados para resguardar la seguridad\nde la zona y que fueron dotados de armas de alto poder.<\/p>\n\n\n\n<p>Dos m\u00e1s reconocieron que son ex militares y que les pagar\u00edan cinco mil pesos por dos d\u00edas; unos m\u00e1s dijeron que no sab\u00edan para que fueron contratados y \u00fanicamente fueron a laborar a esa zona para retirar escombros.<\/p>\n\n\n\n<figure class=\"wp-block-embed-twitter wp-block-embed is-type-rich is-provider-twitter\"><div class=\"wp-block-embed__wrapper\">\n<div class=\"twitter-tweet\"><blockquote class=\"twitter-tweet\" data-lang=\"es\"><p lang=\"es\" dir=\"ltr\"><a href=\"https:\/\/twitter.com\/hashtag\/OaxacaRojo?src=hash&amp;ref_src=twsrc%5Etfw\">#OaxacaRojo<\/a><br>Esta es la confesi\u00f3n de una de las personas aseguradas en San Dionisio Ocotepec, <a href=\"https:\/\/twitter.com\/hashtag\/Oaxaca?src=hash&amp;ref_src=twsrc%5Etfw\">#Oaxaca<\/a>, quien prove\u00eda armas de grueso calibre presuntamente para gente del empresario Edy Monterrosa. Precisa que los 15 han sido tratados bien por la poblaci\u00f3n. <a href=\"https:\/\/t.co\/mOfgwg3OzF\">pic.twitter.com\/mOfgwg3OzF<\/a><\/p>&mdash; Zona Roja Oaxaca (@MexRoja) <a href=\"https:\/\/twitter.com\/MexRoja\/status\/1149415919858397184?ref_src=twsrc%5Etfw\">11 de julio de 2019<\/a><\/blockquote><\/div>\n<\/div><\/figure>\n\n\n\n<p>\u201cA m\u00ed me\ncontrataron para vivir ah\u00ed, para cuidar, darle mantenimiento; esta arma que\ntengo me la dej\u00f3 el se\u00f1or Rogelio; lo que digo es que soy ex militar y lo \u00fanico\nque le pido al se\u00f1or Monterrosa, que es el responsable, que tenga el valor\nsuficiente para sacarnos del lugar. La ciudadan\u00eda de San Dionisio gracias a\nDios nos ha tratado bien\u201d, dijo uno de ellos, originario de Tabasco.<\/p>\n\n\n\n<p>\u201cYo ped\u00ed las armas a otra persona; tuvieron un costo como de 55 mil pesos cada una; ya tiene como medio a\u00f1o que se las vend\u00ed; trabajo con el se\u00f1or Everardo y le manejo a \u00e9l. Me mandan mensajes y yo los bajo (las armas); tengo amistades que me los mandan; no tengo idea de d\u00f3nde provienen\u201d, dijo otro m\u00e1s.<\/p>\n\n\n\n<figure class=\"wp-block-embed-twitter wp-block-embed is-type-rich is-provider-twitter\"><div class=\"wp-block-embed__wrapper\">\n<div class=\"twitter-tweet\"><blockquote class=\"twitter-tweet\" data-lang=\"es\"><p lang=\"es\" dir=\"ltr\"><a href=\"https:\/\/twitter.com\/hashtag\/OaxacaRojo?src=hash&amp;ref_src=twsrc%5Etfw\">#OaxacaRojo<\/a><br>Este es testimonio de una de las 15 personas que se encuentran en San Dionisio Ocotepec; fueron provistos de armas de grueso calibre. Escuche la petici\u00f3n: <a href=\"https:\/\/t.co\/7Z9EzFRJxq\">pic.twitter.com\/7Z9EzFRJxq<\/a><\/p>&mdash; Zona Roja Oaxaca (@MexRoja) <a href=\"https:\/\/twitter.com\/MexRoja\/status\/1149372836961804289?ref_src=twsrc%5Etfw\">11 de julio de 2019<\/a><\/blockquote><\/div>\n<\/div><\/figure>\n\n\n\n<p>Entre los\nasegurados desde el pasado 7 de julio se encuentra una mujer, adem\u00e1s de\nEverardo M. E., Benjam\u00edn L. A., Rogelio S. V., Ad\u00e1n L. G., Ismael H. D.,\nFrancisco Javier L. L., Juan Carlos N. M., Antonio de Jes\u00fas R. C., Candelario\nD. A., Rogelio S. V., Ad\u00e1n L. G., Francisco Javier L. L., V\u00edctor Hugo C. R.,\nCarlos A. Pe., Levi Eduardo M. J., y Froil\u00e1n M. J.<\/p>\n","protected":false},"excerpt":{"rendered":"<p>Ismael Garc\u00eda M. San Dionisio Ocotepec, Oax., 11 de julio de 2019.- Al menos cinco&hellip;<\/p>\n","protected":false},"author":2,"featured_media":2191,"comment_status":"closed","ping_status":"open","sticky":false,"template":"","format":"standard","meta":{"_lmt_disableupdate":"","_lmt_disable":"","_jetpack_memberships_contains_paid_content":false,"footnotes":""},"categories":[109,51],"tags":[59,322],"class_list":["post-2190","post","type-post","status-publish","format-standard","has-post-thumbnail","hentry","category-minuto-a-minuto","category-zona-roja","tag-fiscalia-general-del-estado","tag-retenidos-san-dionisio-ocotepec"],"jetpack_featured_media_url":"https:\/\/zonaroja.com.mx\/wp-content\/uploads\/2019\/07\/Arsenal-San-Dionisio-Ocotepec-2.jpg","jetpack_sharing_enabled":true,"_links":{"self":[{"href":"https:\/\/zonaroja.com.mx\/index.php?rest_route=\/wp\/v2\/posts\/2190","targetHints":{"allow":["GET"]}}],"collection":[{"href":"https:\/\/zonaroja.com.mx\/index.php?rest_route=\/wp\/v2\/posts"}],"about":[{"href":"https:\/\/zonaroja.com.mx\/index.php?rest_route=\/wp\/v2\/types\/post"}],"author":[{"embeddable":true,"href":"https:\/\/zonaroja.com.mx\/index.php?rest_route=\/wp\/v2\/users\/2"}],"replies":[{"embeddable":true,"href":"https:\/\/zonaroja.com.mx\/index.php?rest_route=%2Fwp%2Fv2%2Fcomments&post=2190"}],"version-history":[{"count":1,"href":"https:\/\/zonaroja.com.mx\/index.php?rest_route=\/wp\/v2\/posts\/2190\/revisions"}],"predecessor-version":[{"id":2192,"href":"https:\/\/zonaroja.com.mx\/index.php?rest_route=\/wp\/v2\/posts\/2190\/revisions\/2192"}],"wp:featuredmedia":[{"embeddable":true,"href":"https:\/\/zonaroja.com.mx\/index.php?rest_route=\/wp\/v2\/media\/2191"}],"wp:attachment":[{"href":"https:\/\/zonaroja.com.mx\/index.php?rest_route=%2Fwp%2Fv2%2Fmedia&parent=2190"}],"wp:term":[{"taxonomy":"category","embeddable":true,"href":"https:\/\/zonaroja.com.mx\/index.php?rest_route=%2Fwp%2Fv2%2Fcategories&post=2190"},{"taxonomy":"post_tag","embeddable":true,"href":"https:\/\/zonaroja.com.mx\/index.php?rest_route=%2Fwp%2Fv2%2Ftags&post=2190"}],"curies":[{"name":"wp","href":"https:\/\/api.w.org\/{rel}","templated":true}]}}