{"id":21901,"date":"2021-01-01T07:37:54","date_gmt":"2021-01-01T13:37:54","guid":{"rendered":"http:\/\/www.zonaroja.com.mx\/?p=21901"},"modified":"2021-01-01T07:37:58","modified_gmt":"2021-01-01T13:37:58","slug":"los-retos-covid-crisis-y-seguridad-lopez-obrador-hay-pendientes","status":"publish","type":"post","link":"https:\/\/zonaroja.com.mx\/?p=21901","title":{"rendered":"Los retos: covid, crisis y seguridad; L\u00f3pez Obrador: hay pendientes"},"content":{"rendered":"\n<p>Redacci\u00f3n\/Zona Roja Cdmx.<\/p>\n\n\n\n<p>Ciudad de M\u00e9xico, 1 de enero de 2021.- Afrontar la pandemia de Covid 19, procurar la recuperaci\u00f3n econ\u00f3mica e intentar reducir los \u00edndices de inseguridad ser\u00e1n los retos de la actual administraci\u00f3n para este 2021, asegur\u00f3 el presidente Andr\u00e9s Manuel L\u00f3pez Obrador.<\/p>\n\n\n\n<p>Ayer, en su \u00faltima conferencia de prensa de 2020, el titular del Ejecutivo federal dijo que el combate a la corrupci\u00f3n ser\u00e1 una tarea permanente; que la crisis econ\u00f3mica que hay que remontar fue agudizada por la pandemia del coronavirus, y la inseguridad pudo ser contenida y hay que reducir los \u00edndices delictivos.<\/p>\n\n\n\n<p>\u201cEl problema principal es estructural y viene de lejos, y lo estamos enfrentando bien, es el problema de la corrupci\u00f3n, que es la causa principal de la desigualdad econ\u00f3mica, social, es lo que ha dado al traste con todo y eso lo estamos enfrentando.<\/p>\n\n\n\n<p>\u201cY hay tres problemas actuales: Uno muy lamentable, muy triste, es el de la pandemia, que ha causado la p\u00e9rdida de vidas humanas. Lo estamos enfrentando todos los d\u00edas y ahora hay una luz que indica que vamos a salir del t\u00fanel en el que estamos por esta tremenda pandemia, por este virus, esa luz es el que ya se cuenta con la vacuna\u201d, coment\u00f3 L\u00f3pez Obrador este jueves en Palacio Nacional.<\/p>\n\n\n\n<p>La pandemia, dijo, provoc\u00f3 la crisis econ\u00f3mica m\u00e1s severa en un siglo en M\u00e9xico y en el mundo.<\/p>\n\n\n\n<p>Ante ese escenario, indic\u00f3 el Presidente, el gobierno mexicano opt\u00f3 por ayudar a la poblaci\u00f3n m\u00e1s desfavorecida en lugar de endeudarse por ayudar a los empresarios.<\/p>\n\n\n\n<p>El segundo problema, derivado de la pandemia, es el agravamiento de la situaci\u00f3n econ\u00f3mica, la ca\u00edda de la econom\u00eda, de las actividades productivas, la p\u00e9rdida de empleos. Estamos tambi\u00e9n enfrentando este desaf\u00edo y consideramos que vamos a salir pronto.<\/p>\n\n\n\n<p>\u201cEstamos ya mejorando en todos los aspectos, en lo que tiene que ver con el crecimiento de la econom\u00eda, la recuperaci\u00f3n de los empleos perdidos, la estabilidad financiera\u201d, afirm\u00f3.<\/p>\n\n\n\n<p>Dijo que la paridad del peso ante el d\u00f3lar es estable, la inflaci\u00f3n est\u00e1 controlada, el salario m\u00ednimo se increment\u00f3 para alcanzar m\u00e1s de 200 pesos en algunas zonas del pa\u00eds y el consumo de productos b\u00e1sicos no se redujo.<\/p>\n\n\n\n<p>La seguridad p\u00fablica es el tercer problema relevante que afronta la actual administraci\u00f3n federal, reconoci\u00f3 el mandatario.<\/p>\n\n\n\n<p>En este rubro, record\u00f3, hubo un reciente ajuste con la llegada de Rosa Icela Rodr\u00edguez a la Secretar\u00eda de Seguridad y Protecci\u00f3n Ciudadana..<\/p>\n\n\n\n<p>\u201cDesde luego, mi balance objetivo, honesto, es que se ha avanzado, nos faltan todav\u00eda muchas cosas, pero ha habido avances muy significativos (&#8230;). Por la forma en que estamos trabajando todos los d\u00edas. Desde las 6:00 de la ma\u00f1ana tenemos reuniones de seguridad con todo el gabinete\u201d, coment\u00f3.<\/p>\n\n\n\n<p>Desde el Jard\u00edn Nezahualc\u00f3yotl de Palacio Nacional, el Presidente, acompa\u00f1ado por su esposa Beatriz Guti\u00e9rrez M\u00fcller, emiti\u00f3 un mensaje para desear que a todos, incluyendo sus adversarios y amigos, les vaya bien en 2021.<\/p>\n\n\n\n<p>\u201cEstamos tambi\u00e9n sembrando este \u00e1rbol pensando en el porvenir, pensando que en el 2021, que es el a\u00f1o de la Independencia, nos va a ir mejor a todos, que es lo que deseamos Beatriz y yo, de todo coraz\u00f3n\u201d, expres\u00f3 el mandatario federal.<\/p>\n\n\n\n<p>(Informaci\u00f3n del diario \u201cExcelsior\u201d)<\/p>\n","protected":false},"excerpt":{"rendered":"<p>Redacci\u00f3n\/Zona Roja Cdmx. Ciudad de M\u00e9xico, 1 de enero de 2021.- Afrontar la pandemia de&hellip;<\/p>\n","protected":false},"author":2,"featured_media":21902,"comment_status":"closed","ping_status":"open","sticky":false,"template":"","format":"standard","meta":{"_lmt_disableupdate":"","_lmt_disable":"","_jetpack_memberships_contains_paid_content":false,"footnotes":""},"categories":[109,46],"tags":[143],"class_list":["post-21901","post","type-post","status-publish","format-standard","has-post-thumbnail","hentry","category-minuto-a-minuto","category-zona-blanca","tag-andres-manuel-lopez-obrador"],"jetpack_featured_media_url":"https:\/\/zonaroja.com.mx\/wp-content\/uploads\/2021\/01\/Andres-Manuel-Lopez-Obrador-arbol.jpg","jetpack_sharing_enabled":true,"_links":{"self":[{"href":"https:\/\/zonaroja.com.mx\/index.php?rest_route=\/wp\/v2\/posts\/21901","targetHints":{"allow":["GET"]}}],"collection":[{"href":"https:\/\/zonaroja.com.mx\/index.php?rest_route=\/wp\/v2\/posts"}],"about":[{"href":"https:\/\/zonaroja.com.mx\/index.php?rest_route=\/wp\/v2\/types\/post"}],"author":[{"embeddable":true,"href":"https:\/\/zonaroja.com.mx\/index.php?rest_route=\/wp\/v2\/users\/2"}],"replies":[{"embeddable":true,"href":"https:\/\/zonaroja.com.mx\/index.php?rest_route=%2Fwp%2Fv2%2Fcomments&post=21901"}],"version-history":[{"count":1,"href":"https:\/\/zonaroja.com.mx\/index.php?rest_route=\/wp\/v2\/posts\/21901\/revisions"}],"predecessor-version":[{"id":21903,"href":"https:\/\/zonaroja.com.mx\/index.php?rest_route=\/wp\/v2\/posts\/21901\/revisions\/21903"}],"wp:featuredmedia":[{"embeddable":true,"href":"https:\/\/zonaroja.com.mx\/index.php?rest_route=\/wp\/v2\/media\/21902"}],"wp:attachment":[{"href":"https:\/\/zonaroja.com.mx\/index.php?rest_route=%2Fwp%2Fv2%2Fmedia&parent=21901"}],"wp:term":[{"taxonomy":"category","embeddable":true,"href":"https:\/\/zonaroja.com.mx\/index.php?rest_route=%2Fwp%2Fv2%2Fcategories&post=21901"},{"taxonomy":"post_tag","embeddable":true,"href":"https:\/\/zonaroja.com.mx\/index.php?rest_route=%2Fwp%2Fv2%2Ftags&post=21901"}],"curies":[{"name":"wp","href":"https:\/\/api.w.org\/{rel}","templated":true}]}}