{"id":21904,"date":"2021-01-01T11:52:47","date_gmt":"2021-01-01T17:52:47","guid":{"rendered":"http:\/\/www.zonaroja.com.mx\/?p=21904"},"modified":"2021-01-01T11:52:54","modified_gmt":"2021-01-01T17:52:54","slug":"a-pesar-de-la-pandemia-anuncian-festival-nudista-2021-en-zipolite","status":"publish","type":"post","link":"https:\/\/zonaroja.com.mx\/?p=21904","title":{"rendered":"A pesar de la pandemia, anuncian festival nudista 2021 en Zipolite"},"content":{"rendered":"\n<p>Evlin Arag\u00f3n\/Zona Roja.<\/p>\n\n\n\n<p>Oaxaca de Ju\u00e1rez, Oax., 1 de enero de 2021.- A\u00fan con la contingencia sanitaria y la posibilidad de regresar a sem\u00e1foro rojo en caso de aumentar el n\u00famero de contagios en los municipios m\u00e1s importantes de Oaxaca, organizadores del Festival Nudista de Zipolite, anunciaron la emisi\u00f3n 2021.<\/p>\n\n\n\n<p>Lo anterior como parte de la asamblea general que llevaron a cabo para analizar las condiciones actuales y discutir la posibilidad de realizar el evento que ha sido caracter\u00edstico en la costa oaxaque\u00f1a, de ah\u00ed que determinaron su realizaci\u00f3n siguiendo las medidas sanitarias correspondientes.&nbsp;<\/p>\n\n\n\n<p>\u201cEste a\u00f1o tendremos Encuentro Nudista. De acuerdo con la asamblea general celebrada el pasado domingo 20 de diciembre, la comunidad de Zipolite decidi\u00f3 aceptar la realizaci\u00f3n de actividades siempre y cuando no sean masivas y se cumplan con los protocolos de sanidad necesarios, dentro y fuera de la playa\u201d, refiere el comit\u00e9 organizador a trav\u00e9s de las redes sociales.<\/p>\n\n\n\n<p>El festival iniciar\u00e1 el 29 de enero y se extender\u00e1 por tres d\u00edas hasta el 1 de febrero en dicha playa, perteneciente al municipio de San Pedro Pochutla, Oaxaca.<\/p>\n\n\n\n<p>Ser\u00e1 durante las pr\u00f3ximas semanas que se publique en calendario de actividades, tomando en cuenta la decisi\u00f3n comunitaria de no realizar eventos masivos y de cubrir con las medidas que reduzcan el riesgo de contagio por Covid-19.<\/p>\n\n\n\n<p>Debido a que desde el mes de agosto proyectaban la realizaci\u00f3n del evento, hubo gente que adelant\u00f3 las reservaciones, las cuales se van a respetar. Sin embargo, pidieron a quienes no cuentan con un lugar seguro al cual arribar, mejor quedarse en casa para evitar las aglomeraciones durante el festival.<\/p>\n\n\n\n<p>\u201cSi ya cuentas con reservaciones de avi\u00f3n y hotel, trae contigo tus cubrebocas y art\u00edculos para sanitizar. Si todav\u00eda no cuentas con reservaciones te invitamos a quedarte en casa\u201d, refieren.&nbsp;<\/p>\n\n\n\n<p>Finalmente, recordaron que Zipolite vive del turismo, de ah\u00ed que se haya luchado tanto por la realizaci\u00f3n del evento, a la par que pidieron a las y los visitantes ser responsables en el cuidado de su salud y de quienes habitan en la comunidad que siempre los reciben con los brazos abiertos.<\/p>\n\n\n\n<p>\u201cZipolite vive del turismo, los turistas amamos nuestra playa nudista, seamos responsables con nosotros y la comunidad que nos recibe\u201d, concluye la primera publicaci\u00f3n con respecto al festival.&nbsp;<\/p>\n","protected":false},"excerpt":{"rendered":"<p>Evlin Arag\u00f3n\/Zona Roja. Oaxaca de Ju\u00e1rez, Oax., 1 de enero de 2021.- A\u00fan con la&hellip;<\/p>\n","protected":false},"author":2,"featured_media":21905,"comment_status":"closed","ping_status":"open","sticky":false,"template":"","format":"standard","meta":{"_lmt_disableupdate":"","_lmt_disable":"","_jetpack_memberships_contains_paid_content":false,"footnotes":""},"categories":[109,47],"tags":[2331],"class_list":["post-21904","post","type-post","status-publish","format-standard","has-post-thumbnail","hentry","category-minuto-a-minuto","category-zona-gris","tag-zipolite-oaxaca"],"jetpack_featured_media_url":"https:\/\/zonaroja.com.mx\/wp-content\/uploads\/2021\/01\/Zipolite-Oaxaca-2.jpg","jetpack_sharing_enabled":true,"_links":{"self":[{"href":"https:\/\/zonaroja.com.mx\/index.php?rest_route=\/wp\/v2\/posts\/21904","targetHints":{"allow":["GET"]}}],"collection":[{"href":"https:\/\/zonaroja.com.mx\/index.php?rest_route=\/wp\/v2\/posts"}],"about":[{"href":"https:\/\/zonaroja.com.mx\/index.php?rest_route=\/wp\/v2\/types\/post"}],"author":[{"embeddable":true,"href":"https:\/\/zonaroja.com.mx\/index.php?rest_route=\/wp\/v2\/users\/2"}],"replies":[{"embeddable":true,"href":"https:\/\/zonaroja.com.mx\/index.php?rest_route=%2Fwp%2Fv2%2Fcomments&post=21904"}],"version-history":[{"count":1,"href":"https:\/\/zonaroja.com.mx\/index.php?rest_route=\/wp\/v2\/posts\/21904\/revisions"}],"predecessor-version":[{"id":21906,"href":"https:\/\/zonaroja.com.mx\/index.php?rest_route=\/wp\/v2\/posts\/21904\/revisions\/21906"}],"wp:featuredmedia":[{"embeddable":true,"href":"https:\/\/zonaroja.com.mx\/index.php?rest_route=\/wp\/v2\/media\/21905"}],"wp:attachment":[{"href":"https:\/\/zonaroja.com.mx\/index.php?rest_route=%2Fwp%2Fv2%2Fmedia&parent=21904"}],"wp:term":[{"taxonomy":"category","embeddable":true,"href":"https:\/\/zonaroja.com.mx\/index.php?rest_route=%2Fwp%2Fv2%2Fcategories&post=21904"},{"taxonomy":"post_tag","embeddable":true,"href":"https:\/\/zonaroja.com.mx\/index.php?rest_route=%2Fwp%2Fv2%2Ftags&post=21904"}],"curies":[{"name":"wp","href":"https:\/\/api.w.org\/{rel}","templated":true}]}}