{"id":21913,"date":"2021-01-01T17:20:02","date_gmt":"2021-01-01T23:20:02","guid":{"rendered":"http:\/\/www.zonaroja.com.mx\/?p=21913"},"modified":"2021-01-01T17:20:06","modified_gmt":"2021-01-01T23:20:06","slug":"el-2020-deja-pendiente-en-oaxaca-acceso-de-las-mujeres-al-aborto-legal","status":"publish","type":"post","link":"https:\/\/zonaroja.com.mx\/?p=21913","title":{"rendered":"El 2020 deja pendiente en Oaxaca acceso de las mujeres al aborto legal"},"content":{"rendered":"\n<p>Evlin Arag\u00f3n\/Zona Roja.<\/p>\n\n\n\n<p>Oaxaca de Ju\u00e1rez, Oax., 1 de enero de 2021.- El pen\u00faltimo d\u00eda del a\u00f1o 2020, el Senado de Argentina hizo historia al aprobar el proyecto que permite acceder libremente al aborto hasta la semana 14 de gestaci\u00f3n. Lo anterior tras dos a\u00f1os de poner el tema en el debate p\u00fablico.<\/p>\n\n\n\n<p>Fue incluso desde este pa\u00eds que surgi\u00f3 la denominada Marea Verde, que r\u00e1pidamente se extendi\u00f3 por Am\u00e9rica Latina y llego a M\u00e9xico. Su fuerza impuls\u00f3 que en Oaxaca se planteara la posibilidad de despenalizar el aborto.&nbsp;<\/p>\n\n\n\n<p>El 25 de septiembre del 2019, el Congreso del Estado aprob\u00f3 con 24 votos a favor la reforma al C\u00f3digo Penal para despenalizar el aborto hasta antes de la semana 12 de gestaci\u00f3n.<\/p>\n\n\n\n<p>Pese a lo anterior, durante el 2020, en esta entidad el derecho de las mujeres a acceder a un aborto legal y gratuito, se encuentra s\u00f3lo en el papel a falta de reglamentaci\u00f3n y normatividad en la que no se ha podido avanzar so pretexto de la pandemia por Covid-19.<\/p>\n\n\n\n<p>Datos oficiales de los Servicios de Salud reportan que solo seis mujeres han tenido acceso a la interrupci\u00f3n legal del embarazo, mientras que 11 mujeres han sido denunciadas y enfrentan procesos por el delito de aborto ante las autoridades, de acuerdo con cifras del Secretariado Ejecutivo del Sistema Nacional de Seguridad P\u00fablica.&nbsp;<\/p>\n\n\n\n<p>La legislaci\u00f3n hist\u00f3rica no ha impedido que, al interior de los Servicios de Salud de Oaxaca, se siga estigmatizando a las mujeres que deciden interrumpir embarazos no deseados, se les niega una atenci\u00f3n segura e integra y por tanto se les condena a buscar opciones alternas que pueden poner en riesgo su vida.&nbsp;<\/p>\n\n\n\n<p>As\u00ed lo expresaron integrantes de Marea Verde Oaxaca, a trav\u00e9s de sus redes sociales, desde donde exigieron a las autoridades hacer efectivo lo aprobado en las leyes.&nbsp;<\/p>\n\n\n\n<p>Y es que a\u00fan est\u00e1 pendiente la reforma a la Ley Estatal de Salud promovida tambi\u00e9n en 2019, misma que fue turnada a la Comisi\u00f3n de Salud del Congreso local, que preside el diputado Emilio Joaqu\u00edn Garc\u00eda Aguilar, y se qued\u00f3 otro a\u00f1o sin dictamen y aprobaci\u00f3n.<\/p>\n\n\n\n<p>Pese a no contar con un proyecto concreto para votaci\u00f3n, la diputada Magaly L\u00f3pez Dom\u00ednguez, present\u00f3 una iniciativa para anexar un cap\u00edtulo exclusivo sobre el aborto legal y donde se propone adicionar: el Cap\u00edtulo S\u00e9ptimo de la Interrupci\u00f3n del Embarazo, y los art\u00edculos 70 ter, 70 Quater y 70 Quinquies de la Ley Estatal de Salud.<\/p>\n\n\n\n<p>Lo anterior, de acuerdo con el comunicado emitido por la legisladora, con un enfoque de la salud apegado a los derechos humanos, la cual ofrece estrategias y soluciones que permiten afrontar y corregir las desigualdades, las pr\u00e1cticas discriminatorias y las relaciones de poder injustas que suelen ser aspectos centrales de la inequidad en los resultados sanitarios.<\/p>\n\n\n\n<p>Hasta el momento, de los 14 hospitales generales, 19 hospitales comunitarios, tres de atenci\u00f3n especializada y 746 centros de salud p\u00fablicos, s\u00f3lo el Hospital General \u201cDr. Aurelio Valdivieso\u201d est\u00e1 capacitado y sensibilizado para practicar la interrupci\u00f3n legal del embarazo.&nbsp;<\/p>\n\n\n\n<p>Lejos de ser una realidad la decisi\u00f3n de las mujeres sobres sus propios cuerpos, personal m\u00e9dico se manifest\u00f3 en contra del aborto durante este 2020 y apel\u00f3 a su derecho de objeci\u00f3n de conciencia para evitar ser parte de la interrupci\u00f3n legal de un embarazo, reafirmando que la misma s\u00f3lo ha sido garantizada en papel en la entidad oaxaque\u00f1a.<\/p>\n","protected":false},"excerpt":{"rendered":"<p>Evlin Arag\u00f3n\/Zona Roja. Oaxaca de Ju\u00e1rez, Oax., 1 de enero de 2021.- El pen\u00faltimo d\u00eda&hellip;<\/p>\n","protected":false},"author":2,"featured_media":21914,"comment_status":"closed","ping_status":"open","sticky":false,"template":"","format":"standard","meta":{"_lmt_disableupdate":"","_lmt_disable":"","_jetpack_memberships_contains_paid_content":false,"footnotes":""},"categories":[109,47],"tags":[2332],"class_list":["post-21913","post","type-post","status-publish","format-standard","has-post-thumbnail","hentry","category-minuto-a-minuto","category-zona-gris","tag-aborto-legal-oaxaca"],"jetpack_featured_media_url":"https:\/\/zonaroja.com.mx\/wp-content\/uploads\/2021\/01\/Aborto-Argentina.jpg","jetpack_sharing_enabled":true,"_links":{"self":[{"href":"https:\/\/zonaroja.com.mx\/index.php?rest_route=\/wp\/v2\/posts\/21913","targetHints":{"allow":["GET"]}}],"collection":[{"href":"https:\/\/zonaroja.com.mx\/index.php?rest_route=\/wp\/v2\/posts"}],"about":[{"href":"https:\/\/zonaroja.com.mx\/index.php?rest_route=\/wp\/v2\/types\/post"}],"author":[{"embeddable":true,"href":"https:\/\/zonaroja.com.mx\/index.php?rest_route=\/wp\/v2\/users\/2"}],"replies":[{"embeddable":true,"href":"https:\/\/zonaroja.com.mx\/index.php?rest_route=%2Fwp%2Fv2%2Fcomments&post=21913"}],"version-history":[{"count":1,"href":"https:\/\/zonaroja.com.mx\/index.php?rest_route=\/wp\/v2\/posts\/21913\/revisions"}],"predecessor-version":[{"id":21915,"href":"https:\/\/zonaroja.com.mx\/index.php?rest_route=\/wp\/v2\/posts\/21913\/revisions\/21915"}],"wp:featuredmedia":[{"embeddable":true,"href":"https:\/\/zonaroja.com.mx\/index.php?rest_route=\/wp\/v2\/media\/21914"}],"wp:attachment":[{"href":"https:\/\/zonaroja.com.mx\/index.php?rest_route=%2Fwp%2Fv2%2Fmedia&parent=21913"}],"wp:term":[{"taxonomy":"category","embeddable":true,"href":"https:\/\/zonaroja.com.mx\/index.php?rest_route=%2Fwp%2Fv2%2Fcategories&post=21913"},{"taxonomy":"post_tag","embeddable":true,"href":"https:\/\/zonaroja.com.mx\/index.php?rest_route=%2Fwp%2Fv2%2Ftags&post=21913"}],"curies":[{"name":"wp","href":"https:\/\/api.w.org\/{rel}","templated":true}]}}