{"id":21916,"date":"2021-01-01T17:35:02","date_gmt":"2021-01-01T23:35:02","guid":{"rendered":"http:\/\/www.zonaroja.com.mx\/?p=21916"},"modified":"2021-01-01T17:35:07","modified_gmt":"2021-01-01T23:35:07","slug":"hugo-lopez-gatell-vacaciona-en-huatulco-y-sin-cubreboca","status":"publish","type":"post","link":"https:\/\/zonaroja.com.mx\/?p=21916","title":{"rendered":"Hugo L\u00f3pez-Gatell vacaciona en Huatulco\u2026 y sin cubreboca"},"content":{"rendered":"\n<p>Redacci\u00f3n\/Zona Roja Cdmx.<\/p>\n\n\n\n<p>Ciudad de M\u00e9xico, 1 de enero de 2021.- En la v\u00edspera de la celebraci\u00f3n del a\u00f1o nuevo, el subsecretario de Prevenci\u00f3n y Promoci\u00f3n de la Salud, Hugo L\u00f3pez-Gatell, fue captado en el Aeropuerto de la Ciudad de M\u00e9xico a bordo del vuelo 392 de Aerom\u00e9xico con destino a Huatulco sin utilizar cubrebocas, lo que encendi\u00f3 las redes sociales en reclamo a la falta de funcionario.<\/p>\n\n\n\n<p>De acuerdo con la fotograf\u00eda compartida por el periodista Salvador Garc\u00eda Soto, se puede ver al funcionario hablando por tel\u00e9fono sin utilizar la mascarilla protectora, adem\u00e1s de no respetar la sana distancia durante el abordaje a la aeronave.<\/p>\n\n\n\n<p>\u201cHoy por la ma\u00f1ana en Aeromexico Vuelo 392 de la CDMX a Huatulco, el subsecretario @HLGatell abordando sin el cubrebocas puesto\u201d, escribi\u00f3 el conductor de Noticieros \u201cHeraldo Diario\u201d.<\/p>\n\n\n\n<p>Cabe se\u00f1alar que el m\u00e1ximo vocero del gobierno ante la pandemia dio a conocer que las conferencias de prensa vespertinas sobre coronavirus se retomar\u00edan el lunes 4 de enero de 2021, por lo que invitaba a las personas a \u201cquedarse en casa\u201d.<\/p>\n\n\n\n<p>El pasado mi\u00e9rcoles, ante la ausencia del subsecretario, la conferencia fue presidida por Ruy L\u00f3pez Ridaura, director general del Centro Nacional de Programas Preventivos y Control de Enfermedades.<\/p>\n\n\n\n<p>Usuarios en redes sociales se manifestaron a favor y en contra del comportamiento de L\u00f3pez-Gatell, pues mientras algunos se\u00f1alaban que se trat\u00f3 de un acto de irresponsabilidad, otros se mostraron m\u00e1s comprensivos con el funcionario.<\/p>\n\n\n\n<p>En octubre pasado, el hombre encargado de comunicar las acciones del gobierno federal frente a la enfermedad de coronavirus fue captado en lo que pareci\u00f3 ser una cita.<\/p>\n\n\n\n<p>Acompa\u00f1ado por una mujer de identidad desconocida, el funcionario rompi\u00f3 la sana distancia al darse un beso en un restaurant de la Ciudad de M\u00e9xico.<\/p>\n\n\n\n<p>Desde que inici\u00f3 la emergencia sanitaria por coronavirus, la Secretar\u00eda de Salud (SSa) ha recomendado a la poblaci\u00f3n implementar las medidas de higiene y distanciamiento social para evitar la propagaci\u00f3n de la enfermedad.<\/p>\n\n\n\n<p>Sin embargo, Hugo L\u00f3pez-Gatell ha se\u00f1alado en distintas ocasiones que no hay evidencia cient\u00edfica suficiente que sustente que el uso de cubrebocas contribuye a la mitigaci\u00f3n del virus SARS-CoV-2.<\/p>\n\n\n\n<p>(Informaci\u00f3n de \u201cInfobae\u201d)<\/p>\n","protected":false},"excerpt":{"rendered":"<p>Redacci\u00f3n\/Zona Roja Cdmx. Ciudad de M\u00e9xico, 1 de enero de 2021.- En la v\u00edspera de&hellip;<\/p>\n","protected":false},"author":2,"featured_media":21917,"comment_status":"closed","ping_status":"open","sticky":false,"template":"","format":"standard","meta":{"_lmt_disableupdate":"","_lmt_disable":"","_jetpack_memberships_contains_paid_content":false,"footnotes":""},"categories":[1],"tags":[],"class_list":["post-21916","post","type-post","status-publish","format-standard","has-post-thumbnail","hentry","category-sin-categoria"],"jetpack_featured_media_url":"https:\/\/zonaroja.com.mx\/wp-content\/uploads\/2021\/01\/Lopez-Gatell-Huatulco.jpg","jetpack_sharing_enabled":true,"_links":{"self":[{"href":"https:\/\/zonaroja.com.mx\/index.php?rest_route=\/wp\/v2\/posts\/21916","targetHints":{"allow":["GET"]}}],"collection":[{"href":"https:\/\/zonaroja.com.mx\/index.php?rest_route=\/wp\/v2\/posts"}],"about":[{"href":"https:\/\/zonaroja.com.mx\/index.php?rest_route=\/wp\/v2\/types\/post"}],"author":[{"embeddable":true,"href":"https:\/\/zonaroja.com.mx\/index.php?rest_route=\/wp\/v2\/users\/2"}],"replies":[{"embeddable":true,"href":"https:\/\/zonaroja.com.mx\/index.php?rest_route=%2Fwp%2Fv2%2Fcomments&post=21916"}],"version-history":[{"count":1,"href":"https:\/\/zonaroja.com.mx\/index.php?rest_route=\/wp\/v2\/posts\/21916\/revisions"}],"predecessor-version":[{"id":21918,"href":"https:\/\/zonaroja.com.mx\/index.php?rest_route=\/wp\/v2\/posts\/21916\/revisions\/21918"}],"wp:featuredmedia":[{"embeddable":true,"href":"https:\/\/zonaroja.com.mx\/index.php?rest_route=\/wp\/v2\/media\/21917"}],"wp:attachment":[{"href":"https:\/\/zonaroja.com.mx\/index.php?rest_route=%2Fwp%2Fv2%2Fmedia&parent=21916"}],"wp:term":[{"taxonomy":"category","embeddable":true,"href":"https:\/\/zonaroja.com.mx\/index.php?rest_route=%2Fwp%2Fv2%2Fcategories&post=21916"},{"taxonomy":"post_tag","embeddable":true,"href":"https:\/\/zonaroja.com.mx\/index.php?rest_route=%2Fwp%2Fv2%2Ftags&post=21916"}],"curies":[{"name":"wp","href":"https:\/\/api.w.org\/{rel}","templated":true}]}}