{"id":2193,"date":"2019-07-11T19:51:45","date_gmt":"2019-07-12T00:51:45","guid":{"rendered":"http:\/\/www.zonaroja.com.mx\/?p=2193"},"modified":"2019-07-11T19:51:47","modified_gmt":"2019-07-12T00:51:47","slug":"exigen-cancelacion-de-curso-de-modelaje-violenta-los-derechos-de-las-ninas-denuncian","status":"publish","type":"post","link":"https:\/\/zonaroja.com.mx\/?p=2193","title":{"rendered":"Exigen cancelaci\u00f3n de curso de modelaje, violenta los derechos de las ni\u00f1as, denuncian"},"content":{"rendered":"\n<p>Evlin Arag\u00f3n<\/p>\n\n\n\n<p>Oaxaca de\nJu\u00e1rez, Oax., 11 de julio de 2019.- Colectivos de mujeres y feministas\nexigieron la cancelaci\u00f3n de un curso intensivo de modelaje programado del 15 al\n26 de julio en la ciudad de Oaxaca y dirigido a ni\u00f1as y j\u00f3venes de 15 a\u00f1os de\nedad.<\/p>\n\n\n\n<p>Lo anterior\ntoda vez que actividades de este tipo contribuyen de manera directa a la\ncosificaci\u00f3n e hipersexualizaci\u00f3n de las ni\u00f1as, situaci\u00f3n que resulta de\ngravedad en un pa\u00eds que ocupa el primer lugar en abuso y acoso sexual infantil,\nde acuerdo con la Organizaci\u00f3n para la Cooperaci\u00f3n y el Desarrollo Econ\u00f3mico\n(OCDE).<\/p>\n\n\n\n<p>\u201cNos\npreocupa que a las ni\u00f1as se les imponga a tan corta edad la b\u00fasqueda del cuerpo\ny aspecto perfecto que les promete la aceptaci\u00f3n social, convirti\u00e9ndolas en\nobjetos en lugar de personas\u201d precisan en un comunicado difundido a trav\u00e9s de\nlas redes sociales.<\/p>\n\n\n\n<p>De acuerdo\ncon el grupo de mujeres, este tipo de convocatorias violenta los derechos de\nlas ni\u00f1as, ni\u00f1os y adolescentes contemplados en la ley para garantizar una vida\ndigna de la ni\u00f1ez y juventud en la entidad y que pone de manifiesto que \u201cni\u00f1as,\nni\u00f1os y adolescentes tienen derecho a vivir un vida libre de toda forma de\nviolencia y a que se resguarde su integridad personal, a fin de lograr mejores\ncondiciones de bienestar y el libre desarrollo de su personalidad\u201d.<\/p>\n\n\n\n<p>Independientemente de solicitar la cancelaci\u00f3n del evento, alertaron a madres y padres de familia a que reflexionen sobre este tipo de actividades y se informen sobre las implicaciones que tiene en la ni\u00f1ez exponerla a la competencia, a la exigencia de est\u00e1ndares de belleza a partir de estereotipos alejados a nuestros contextos.<\/p>\n\n\n\n<figure class=\"wp-block-image\"><img decoding=\"async\" width=\"678\" height=\"960\" src=\"http:\/\/www.zonaroja.com.mx\/wp-content\/uploads\/2019\/07\/Curso-modelaje-1.jpg\" alt=\"\" class=\"wp-image-2194\" srcset=\"https:\/\/zonaroja.com.mx\/wp-content\/uploads\/2019\/07\/Curso-modelaje-1.jpg 678w, https:\/\/zonaroja.com.mx\/wp-content\/uploads\/2019\/07\/Curso-modelaje-1-212x300.jpg 212w, https:\/\/zonaroja.com.mx\/wp-content\/uploads\/2019\/07\/Curso-modelaje-1-585x828.jpg 585w\" sizes=\"(max-width: 678px) 100vw, 678px\" \/><\/figure>\n\n\n\n<p>Asimismo,\nexigieron a las autoridades estatales, encargadas de la defensa de los derechos\nhumanos, de las mujeres y de ni\u00f1as, ni\u00f1os y adolescentes, que prevengan las\niniciativas de este tipo que vulneren a la ni\u00f1ez en un contexto como el de\nM\u00e9xico en el que la pedofilia, el consumo de la pornograf\u00eda infantil, el abuso,\nacoso sexual y trata de ni\u00f1as y ni\u00f1os cada a\u00f1o eleva su cifra.<\/p>\n\n\n\n<p>El curso\nintensivo de modelaje es impulsado por Mariana Alderett, Miss Universal Beaty\nM\u00e9xico 2018, en conjunto con el actor Mario Carballido y la bailarina\nprofesional Eylin B\u00e1ez.&nbsp;&nbsp; <\/p>\n","protected":false},"excerpt":{"rendered":"<p>Evlin Arag\u00f3n Oaxaca de Ju\u00e1rez, Oax., 11 de julio de 2019.- Colectivos de mujeres y&hellip;<\/p>\n","protected":false},"author":2,"featured_media":2195,"comment_status":"closed","ping_status":"open","sticky":false,"template":"","format":"standard","meta":{"_lmt_disableupdate":"","_lmt_disable":"","_jetpack_memberships_contains_paid_content":false,"footnotes":""},"categories":[109,47],"tags":[332],"class_list":["post-2193","post","type-post","status-publish","format-standard","has-post-thumbnail","hentry","category-minuto-a-minuto","category-zona-gris","tag-curso-modelaje-oaxaca"],"jetpack_featured_media_url":"https:\/\/zonaroja.com.mx\/wp-content\/uploads\/2019\/07\/Curso-modelaje-2.jpg","jetpack_sharing_enabled":true,"_links":{"self":[{"href":"https:\/\/zonaroja.com.mx\/index.php?rest_route=\/wp\/v2\/posts\/2193","targetHints":{"allow":["GET"]}}],"collection":[{"href":"https:\/\/zonaroja.com.mx\/index.php?rest_route=\/wp\/v2\/posts"}],"about":[{"href":"https:\/\/zonaroja.com.mx\/index.php?rest_route=\/wp\/v2\/types\/post"}],"author":[{"embeddable":true,"href":"https:\/\/zonaroja.com.mx\/index.php?rest_route=\/wp\/v2\/users\/2"}],"replies":[{"embeddable":true,"href":"https:\/\/zonaroja.com.mx\/index.php?rest_route=%2Fwp%2Fv2%2Fcomments&post=2193"}],"version-history":[{"count":1,"href":"https:\/\/zonaroja.com.mx\/index.php?rest_route=\/wp\/v2\/posts\/2193\/revisions"}],"predecessor-version":[{"id":2196,"href":"https:\/\/zonaroja.com.mx\/index.php?rest_route=\/wp\/v2\/posts\/2193\/revisions\/2196"}],"wp:featuredmedia":[{"embeddable":true,"href":"https:\/\/zonaroja.com.mx\/index.php?rest_route=\/wp\/v2\/media\/2195"}],"wp:attachment":[{"href":"https:\/\/zonaroja.com.mx\/index.php?rest_route=%2Fwp%2Fv2%2Fmedia&parent=2193"}],"wp:term":[{"taxonomy":"category","embeddable":true,"href":"https:\/\/zonaroja.com.mx\/index.php?rest_route=%2Fwp%2Fv2%2Fcategories&post=2193"},{"taxonomy":"post_tag","embeddable":true,"href":"https:\/\/zonaroja.com.mx\/index.php?rest_route=%2Fwp%2Fv2%2Ftags&post=2193"}],"curies":[{"name":"wp","href":"https:\/\/api.w.org\/{rel}","templated":true}]}}