{"id":21941,"date":"2021-01-02T11:19:08","date_gmt":"2021-01-02T17:19:08","guid":{"rendered":"http:\/\/www.zonaroja.com.mx\/?p=21941"},"modified":"2021-01-02T11:19:14","modified_gmt":"2021-01-02T17:19:14","slug":"con-primera-protesta-del-ano-exigen-busqueda-de-familiares-desaparecidos","status":"publish","type":"post","link":"https:\/\/zonaroja.com.mx\/?p=21941","title":{"rendered":"Con primera protesta del a\u00f1o, exigen b\u00fasqueda de familiares desaparecidos"},"content":{"rendered":"\n<p>Evlin Arag\u00f3n\/Zona Roja.<\/p>\n\n\n\n<p>Oaxaca de Ju\u00e1rez, Oax., 2 de enero de 2021.- Tal y como lo hicieron hace un a\u00f1o, integrantes del Colectivo Oaxaque\u00f1os Unidos Exigiendo Justicia y Caminos A. C., iniciaron este 2021 con una protesta pac\u00edfica en la capital de Oaxaca, para exigir la aparici\u00f3n con vida de sus familiares desaparecidos, que se cuentan por decenas en la entidad.<\/p>\n\n\n\n<p>La falta de respuesta por parte de las autoridades y el no saber del paradero de sus familiares, ha convertido la protesta en una penosa tradici\u00f3n de inicio de a\u00f1o, con la intenci\u00f3n de hacer visible cada uno de sus casos y evidenciar que no hay respuesta satisfactoria por autoridades como la Fiscal\u00eda General de Justicia del Estado.<\/p>\n\n\n\n<p>Con un z\u00f3calo y Andador Tur\u00edstico a reventar, pese a la pandemia por Covid-19, familiares de personas desparecidas se concentraron en la calle de Independencia esquina con Macedonio Alcal\u00e1, Centro Hist\u00f3rico, para exigir la localizaci\u00f3n y el regreso con vida de quienes fueron desaparecidos.<\/p>\n\n\n\n<p>\u201cAhora, ahora se hace indispensable, presentaci\u00f3n con vida y castigo a los culpables\u201d. Porque vivos se los llevaron, vivos los queremos\u201d, se escuchaba como parte de las consignas.&nbsp;<\/p>\n\n\n\n<p>Aunque la manifestaci\u00f3n caus\u00f3 la molestia de algunos turistas que buscaban transitar en veh\u00edculo por la zona, otros m\u00e1s prestaron atenci\u00f3n a la demanda y se solidarizaron, al menos de palabra, con quienes buscan a sus familiares desde hace ya una d\u00e9cada, tal es el caso del profesor Carlos Ren\u00e9 Rom\u00e1n Salazar, desaparecido desde marzo del 2011.\u00a0<\/p>\n\n\n\n<figure class=\"wp-block-embed-twitter wp-block-embed is-type-rich is-provider-twitter\"><div class=\"wp-block-embed__wrapper\">\n<div class=\"twitter-tweet\"><blockquote class=\"twitter-tweet\" data-lang=\"es\"><p lang=\"es\" dir=\"ltr\"><a href=\"https:\/\/twitter.com\/hashtag\/%C3%9AltimoMinuto?src=hash&amp;ref_src=twsrc%5Etfw\">#\u00daltimoMinuto<\/a> <br>Esta noche se registr\u00f3 la primera protesta del a\u00f1o en <a href=\"https:\/\/twitter.com\/hashtag\/Oaxaca?src=hash&amp;ref_src=twsrc%5Etfw\">#Oaxaca<\/a>. Integrantes del Colectivo Oaxaque\u00f1os Unidos Exigiendo Justicia y Caminos A. C., marcharon en el Centro Hist\u00f3rico, para exigir b\u00fasqueda de sus familiares y alto a impunidad. <a href=\"https:\/\/t.co\/wnb2NhST8h\">pic.twitter.com\/wnb2NhST8h<\/a><\/p>&mdash; Zona Roja Oaxaca (@MexRoja) <a href=\"https:\/\/twitter.com\/MexRoja\/status\/1345178642305921025?ref_src=twsrc%5Etfw\">2 de enero de 2021<\/a><\/blockquote><\/div>\n<\/div><\/figure>\n\n\n\n<p>Hace justamente un a\u00f1o, marcharon de la explanada de Santo Domingo de Guzm\u00e1n hacia el z\u00f3calo de la capital, acci\u00f3n que aseguraron realizaran cada inicio de mes con la intenci\u00f3n de hacer visible la existencia de decenas de personas desaparecidas en Oaxaca y exigir el trabajo eficiente de las autoridades en materia de seguridad y procuraci\u00f3n de justicia que tienen la obligaci\u00f3n de realizar la b\u00fasqueda y dar con el paradero de cada una de las personas no localizadas.<\/p>\n\n\n\n<p>El grupo est\u00e1 conformado por familiares de personas desaparecidas dentro de ellas: Modesto Patolzin Mois\u00e9n, Guadalupe P\u00e9rez S\u00e1nchez, Aldo Gonz\u00e1lez Aguirre, Jos\u00e9 Alberto Mart\u00ednez Santiago, Fidel Gabriel V\u00e1squez, Hannoi Edrel Cruz Cort\u00e9s, Ren\u00e9 Alejandro Cruz, Federico Cruz Morales, Severina Paz Bautista, Ernesto Garc\u00eda y \u00c1lvaro Reyes Cruz, entre otros.<\/p>\n\n\n\n<p>En ocasiones anteriores han denunciado sus constantes intentos de ser recibidos en audiencia por el gobernador de Oaxaca, Alejandro Murat Hinojosa, sin \u00e9xito alguno, por lo que han mantenido la b\u00fasqueda de sus familiares con sus propios recursos y la exigencia permanente de una mejor atenci\u00f3n por parte de las autoridades.<\/p>\n","protected":false},"excerpt":{"rendered":"<p>Evlin Arag\u00f3n\/Zona Roja. Oaxaca de Ju\u00e1rez, Oax., 2 de enero de 2021.- Tal y como&hellip;<\/p>\n","protected":false},"author":2,"featured_media":21942,"comment_status":"closed","ping_status":"open","sticky":false,"template":"","format":"standard","meta":{"_lmt_disableupdate":"","_lmt_disable":"","_jetpack_memberships_contains_paid_content":false,"footnotes":""},"categories":[109,47],"tags":[1221],"class_list":["post-21941","post","type-post","status-publish","format-standard","has-post-thumbnail","hentry","category-minuto-a-minuto","category-zona-gris","tag-colectivo-oaxaqueno-unidos-exigiendo-justicia"],"jetpack_featured_media_url":"https:\/\/zonaroja.com.mx\/wp-content\/uploads\/2021\/01\/Protesta-familiares-desaparecidos-1-1.jpg","jetpack_sharing_enabled":true,"_links":{"self":[{"href":"https:\/\/zonaroja.com.mx\/index.php?rest_route=\/wp\/v2\/posts\/21941","targetHints":{"allow":["GET"]}}],"collection":[{"href":"https:\/\/zonaroja.com.mx\/index.php?rest_route=\/wp\/v2\/posts"}],"about":[{"href":"https:\/\/zonaroja.com.mx\/index.php?rest_route=\/wp\/v2\/types\/post"}],"author":[{"embeddable":true,"href":"https:\/\/zonaroja.com.mx\/index.php?rest_route=\/wp\/v2\/users\/2"}],"replies":[{"embeddable":true,"href":"https:\/\/zonaroja.com.mx\/index.php?rest_route=%2Fwp%2Fv2%2Fcomments&post=21941"}],"version-history":[{"count":1,"href":"https:\/\/zonaroja.com.mx\/index.php?rest_route=\/wp\/v2\/posts\/21941\/revisions"}],"predecessor-version":[{"id":21943,"href":"https:\/\/zonaroja.com.mx\/index.php?rest_route=\/wp\/v2\/posts\/21941\/revisions\/21943"}],"wp:featuredmedia":[{"embeddable":true,"href":"https:\/\/zonaroja.com.mx\/index.php?rest_route=\/wp\/v2\/media\/21942"}],"wp:attachment":[{"href":"https:\/\/zonaroja.com.mx\/index.php?rest_route=%2Fwp%2Fv2%2Fmedia&parent=21941"}],"wp:term":[{"taxonomy":"category","embeddable":true,"href":"https:\/\/zonaroja.com.mx\/index.php?rest_route=%2Fwp%2Fv2%2Fcategories&post=21941"},{"taxonomy":"post_tag","embeddable":true,"href":"https:\/\/zonaroja.com.mx\/index.php?rest_route=%2Fwp%2Fv2%2Ftags&post=21941"}],"curies":[{"name":"wp","href":"https:\/\/api.w.org\/{rel}","templated":true}]}}