{"id":21944,"date":"2021-01-02T11:36:58","date_gmt":"2021-01-02T17:36:58","guid":{"rendered":"http:\/\/www.zonaroja.com.mx\/?p=21944"},"modified":"2021-01-02T11:37:47","modified_gmt":"2021-01-02T17:37:47","slug":"trabajadores-del-suterm-oaxaca-denuncian-imposicion-de-dirigencia","status":"publish","type":"post","link":"https:\/\/zonaroja.com.mx\/?p=21944","title":{"rendered":"Trabajadores del Suterm Oaxaca denuncian imposici\u00f3n de dirigencia"},"content":{"rendered":"\n<p>Evlin Arag\u00f3n\/Zona Roja.<\/p>\n\n\n\n<p>Oaxaca de Ju\u00e1rez, Oax., 2 de enero de 2021.- Personal de base de la Secci\u00f3n 82 del Sindicato \u00danico de Trabajadores Electricistas de la Rep\u00fablica Mexicana (Suterm) en Oaxaca, denunci\u00f3 irregularidades en la elecci\u00f3n de planillas que participar\u00e1n en la contienda para el cambio de dirigencia, por lo que exigen la celebraci\u00f3n de una segunda vuelta y que se respete voluntad de las y los trabajadores.&nbsp;&nbsp;<\/p>\n\n\n\n<p>A trav\u00e9s de un comunicado dirigido al Presidente de la Rep\u00fablica, Andr\u00e9s Manuel L\u00f3pez Obrador y a la secretaria del Trabajo, Luisa Mar\u00eda Alcalde Lujan, explicaron que la Comisi\u00f3n Electoral Nacional del Suterm pretende impone a la planilla verde, misma que representa a sus intereses y no a los de la base trabajadora.<\/p>\n\n\n\n<p>As\u00ed mismo explicaron que en el pasado proceso electoral, del 28 de noviembre, dicha planilla obtuvo de manera fraudulenta 175 votos, los cuales no representan a la mayor\u00eda de trabajadores de base que son 449 en total.<\/p>\n\n\n\n<p>&nbsp;\u201c\u2026dicha planilla oficial NO re\u00fane los requisitos de mayor\u00eda absoluta, es decir, no cuentan con las dos terceras partes (la mitad m\u00e1s uno de los votos v\u00e1lidos\u201d, refiere el documento.<\/p>\n\n\n\n<p>De ah\u00ed que la Comisi\u00f3n Nacional Electoral intentara suspender la jornada electoral hasta nuevo aviso, ante los malos resultados obtenidos por la planilla que buscan imponer a como d\u00e9 lugar.&nbsp;<\/p>\n\n\n\n<p>Y es que la dirigencia nacional pretende imponer, a partir de este 5 de enero, a los integrantes del Comit\u00e9 Ejecutivo Seccional y de la Comisi\u00f3n de Justicia, para los pr\u00f3ximos seis a\u00f1os, torciendo la interpretaci\u00f3n de la ley a favor de la planilla oficial.<\/p>\n\n\n\n<p>Por lo anterior reiteraron su exigencia de llevar a cabo la segunda vuelta y que se respete la voluntad de la base trabajadora del Suterm, as\u00ed como pidieron la intervenci\u00f3n de las autoridades federales en el tema.&nbsp;<\/p>\n\n\n\n<p>El pasado 27 de noviembre, los mismos trabajadores denunciaron la intromisi\u00f3n de diferentes funcionarios de la Comisi\u00f3n Federal de Electricidad en coordinaci\u00f3n con el secretario de la Secci\u00f3n 82 del sindicato, Erwin Medardo Arreort\u00faa.&nbsp;<\/p>\n\n\n\n<p>De forma particular, evidenciaron al gerente del \u00e1rea de Suministro B\u00e1sico de la CFE, Rafael Mart\u00ednez Bernal, de no permitir a los trabajadores ejercer su derecho al voto, situaci\u00f3n que consideraron una violaci\u00f3n a sus derechos laborales y que deja al descubierto la complicidad del funcionario con la actual dirigencia que pretende imponer a la planilla verde.&nbsp;&nbsp;<\/p>\n\n\n\n<p>Finalmente manifestaron de la oposici\u00f3n al triunfo de la planilla ya que saldr\u00edan a relucir dichas complicidades en beneficio de unos cuantos y en perjuicio de toda la base trabajadora.&nbsp;<\/p>\n","protected":false},"excerpt":{"rendered":"<p>Evlin Arag\u00f3n\/Zona Roja. Oaxaca de Ju\u00e1rez, Oax., 2 de enero de 2021.- Personal de base&hellip;<\/p>\n","protected":false},"author":2,"featured_media":21945,"comment_status":"closed","ping_status":"open","sticky":false,"template":"","format":"standard","meta":{"_lmt_disableupdate":"","_lmt_disable":"","_jetpack_memberships_contains_paid_content":false,"footnotes":""},"categories":[109,47],"tags":[2333],"class_list":["post-21944","post","type-post","status-publish","format-standard","has-post-thumbnail","hentry","category-minuto-a-minuto","category-zona-gris","tag-indicato-unico-de-trabajadores-electricistas-de-la-republica-mexicana-suterm"],"jetpack_featured_media_url":"https:\/\/zonaroja.com.mx\/wp-content\/uploads\/2021\/01\/Suterm-Oaxaca.jpg","jetpack_sharing_enabled":true,"_links":{"self":[{"href":"https:\/\/zonaroja.com.mx\/index.php?rest_route=\/wp\/v2\/posts\/21944","targetHints":{"allow":["GET"]}}],"collection":[{"href":"https:\/\/zonaroja.com.mx\/index.php?rest_route=\/wp\/v2\/posts"}],"about":[{"href":"https:\/\/zonaroja.com.mx\/index.php?rest_route=\/wp\/v2\/types\/post"}],"author":[{"embeddable":true,"href":"https:\/\/zonaroja.com.mx\/index.php?rest_route=\/wp\/v2\/users\/2"}],"replies":[{"embeddable":true,"href":"https:\/\/zonaroja.com.mx\/index.php?rest_route=%2Fwp%2Fv2%2Fcomments&post=21944"}],"version-history":[{"count":2,"href":"https:\/\/zonaroja.com.mx\/index.php?rest_route=\/wp\/v2\/posts\/21944\/revisions"}],"predecessor-version":[{"id":21947,"href":"https:\/\/zonaroja.com.mx\/index.php?rest_route=\/wp\/v2\/posts\/21944\/revisions\/21947"}],"wp:featuredmedia":[{"embeddable":true,"href":"https:\/\/zonaroja.com.mx\/index.php?rest_route=\/wp\/v2\/media\/21945"}],"wp:attachment":[{"href":"https:\/\/zonaroja.com.mx\/index.php?rest_route=%2Fwp%2Fv2%2Fmedia&parent=21944"}],"wp:term":[{"taxonomy":"category","embeddable":true,"href":"https:\/\/zonaroja.com.mx\/index.php?rest_route=%2Fwp%2Fv2%2Fcategories&post=21944"},{"taxonomy":"post_tag","embeddable":true,"href":"https:\/\/zonaroja.com.mx\/index.php?rest_route=%2Fwp%2Fv2%2Ftags&post=21944"}],"curies":[{"name":"wp","href":"https:\/\/api.w.org\/{rel}","templated":true}]}}