{"id":21948,"date":"2021-01-02T11:52:14","date_gmt":"2021-01-02T17:52:14","guid":{"rendered":"http:\/\/www.zonaroja.com.mx\/?p=21948"},"modified":"2021-01-02T11:52:19","modified_gmt":"2021-01-02T17:52:19","slug":"chilchotla-piden-apoyo-por-danos-provocados-por-surada-cepco-habia-descartado-afectaciones","status":"publish","type":"post","link":"https:\/\/zonaroja.com.mx\/?p=21948","title":{"rendered":"Chilchotla piden apoyo por da\u00f1os provocados por surada; CEPCO hab\u00eda descartado afectaciones"},"content":{"rendered":"\n<p>Redacci\u00f3n\/Zona Roja.<\/p>\n\n\n\n<p>Oaxaca de Ju\u00e1rez, Oax., 2 de enero de 2021.- Ciudadanos de Santa Mar\u00eda Chilchotla, en la regi\u00f3n de la Ca\u00f1ada, pidieron a las autoridades estatales y federales atender de manera urgente a la poblaci\u00f3n debido a diversas afectaciones tras la surada registrada durante la madrugada del 31 de diciembre de 2020 y por cuyo fen\u00f3meno la Coordinaci\u00f3n Estatal de Protecci\u00f3n Civil (CEPCO) no reportaba da\u00f1os hasta el jueves pasado.<\/p>\n\n\n\n<p>En mensajes enviados a este medio, los pobladores reportaron que al menos seis familias de la comunidad de Rancho de Oro resultaron afectadas y tres m\u00e1s de Emiliano Zapata.<\/p>\n\n\n\n<p>\u201cUrge atenci\u00f3n de Protecci\u00f3n Civil: va a llover; hay muchas casas m\u00e1s da\u00f1adas\u201d, fue uno de los mensajes con que las gr\u00e1ficas fueron acompa\u00f1adas.<\/p>\n\n\n\n<p>El jueves pasado, \u00faltimo d\u00eda del 2020, se report\u00f3 que Santa Mar\u00eda Chilchotla permanec\u00eda sin servicio de energ\u00eda el\u00e9ctrica y sin telefon\u00eda, a ra\u00edz de los fuertes vientos registrados durante la madrugada del 31 de diciembre.<\/p>\n\n\n\n<p>Los nombres de algunos de los afectados, seg\u00fan las denuncias, son Cirilo N\u00fa\u00f1ez, Rodolfo Pineda y Cirilo Pineda Tejeda, oriundos de Emiliano Zapata y Cutberta Consuelo Contreras D\u00edaz, Alfonso Amadeo Garc\u00eda Contreras, Catalina Gonz\u00e1lez, Isabel Andrade Garc\u00eda, Genaro Rodr\u00edguez y Bernab\u00e9 Garc\u00eda Contreras, de Rancho de Oro.<\/p>\n\n\n\n<p>Funcionarios de Protecci\u00f3n Civil del Estado indicaron hasta la tarde del jueves no se reportaban da\u00f1os de consideraci\u00f3n en la zona y que permanec\u00edan en contacto con las autoridades del ayuntamiento; sin embargo, durante las horas siguientes, incluso durante el primero de enero por la tarde, los pobladores continuaron pidiendo la ayuda.<\/p>\n","protected":false},"excerpt":{"rendered":"<p>Redacci\u00f3n\/Zona Roja. Oaxaca de Ju\u00e1rez, Oax., 2 de enero de 2021.- Ciudadanos de Santa Mar\u00eda&hellip;<\/p>\n","protected":false},"author":2,"featured_media":21949,"comment_status":"closed","ping_status":"open","sticky":false,"template":"","format":"standard","meta":{"_lmt_disableupdate":"","_lmt_disable":"","_jetpack_memberships_contains_paid_content":false,"footnotes":""},"categories":[109,47],"tags":[413],"class_list":["post-21948","post","type-post","status-publish","format-standard","has-post-thumbnail","hentry","category-minuto-a-minuto","category-zona-gris","tag-asesinado-en-santa-maria-chilchotla-oaxaca"],"jetpack_featured_media_url":"https:\/\/zonaroja.com.mx\/wp-content\/uploads\/2021\/01\/Danos-Chilchotla.jpg","jetpack_sharing_enabled":true,"_links":{"self":[{"href":"https:\/\/zonaroja.com.mx\/index.php?rest_route=\/wp\/v2\/posts\/21948","targetHints":{"allow":["GET"]}}],"collection":[{"href":"https:\/\/zonaroja.com.mx\/index.php?rest_route=\/wp\/v2\/posts"}],"about":[{"href":"https:\/\/zonaroja.com.mx\/index.php?rest_route=\/wp\/v2\/types\/post"}],"author":[{"embeddable":true,"href":"https:\/\/zonaroja.com.mx\/index.php?rest_route=\/wp\/v2\/users\/2"}],"replies":[{"embeddable":true,"href":"https:\/\/zonaroja.com.mx\/index.php?rest_route=%2Fwp%2Fv2%2Fcomments&post=21948"}],"version-history":[{"count":1,"href":"https:\/\/zonaroja.com.mx\/index.php?rest_route=\/wp\/v2\/posts\/21948\/revisions"}],"predecessor-version":[{"id":21950,"href":"https:\/\/zonaroja.com.mx\/index.php?rest_route=\/wp\/v2\/posts\/21948\/revisions\/21950"}],"wp:featuredmedia":[{"embeddable":true,"href":"https:\/\/zonaroja.com.mx\/index.php?rest_route=\/wp\/v2\/media\/21949"}],"wp:attachment":[{"href":"https:\/\/zonaroja.com.mx\/index.php?rest_route=%2Fwp%2Fv2%2Fmedia&parent=21948"}],"wp:term":[{"taxonomy":"category","embeddable":true,"href":"https:\/\/zonaroja.com.mx\/index.php?rest_route=%2Fwp%2Fv2%2Fcategories&post=21948"},{"taxonomy":"post_tag","embeddable":true,"href":"https:\/\/zonaroja.com.mx\/index.php?rest_route=%2Fwp%2Fv2%2Ftags&post=21948"}],"curies":[{"name":"wp","href":"https:\/\/api.w.org\/{rel}","templated":true}]}}