{"id":21951,"date":"2021-01-02T16:30:28","date_gmt":"2021-01-02T22:30:28","guid":{"rendered":"http:\/\/www.zonaroja.com.mx\/?p=21951"},"modified":"2021-01-02T16:30:33","modified_gmt":"2021-01-02T22:30:33","slug":"inicia-el-2021-con-tres-jovenes-mujeres-desaparecidas-en-oaxaca","status":"publish","type":"post","link":"https:\/\/zonaroja.com.mx\/?p=21951","title":{"rendered":"Inicia el 2021 con tres j\u00f3venes mujeres desaparecidas en Oaxaca"},"content":{"rendered":"\n<p>Yuridiana Sosa\/Zona Roja.<\/p>\n\n\n\n<p>Oaxaca de Ju\u00e1rez, Oax., 2 de enero de 2021.- En v\u00edsperas del nuevo a\u00f1o, la Fiscal\u00eda General de Oaxaca report\u00f3 la no localizaci\u00f3n de tres j\u00f3venes mujeres, una de ellas menor de edad, que hasta este fin de semana no han sido encontradas.<\/p>\n\n\n\n<p>El pasado 31 de diciembre, la Unidad de B\u00fasqueda de Personas Desaparecidas y No Localizadas public\u00f3 la ficha para ubicar a Dania Soledad L\u00f3pez Pacheco, de 16 a\u00f1os de edad, vista por \u00faltima vez desde el 29 de diciembre en la colonia El Colorado, San Pedro Pochutla, Oaxaca.<\/p>\n\n\n\n<p>Ese mismo d\u00eda, tambi\u00e9n se pidi\u00f3 la colaboraci\u00f3n para encontrar a Judith Espinoza Garza, de 32 a\u00f1os, a quien se le vio desde el 20 de diciembre en la localidad de Santa Rosa Buena Vista, en San Sebasti\u00e1n Abasolo, del distrito de Tlacolula.<\/p>\n\n\n\n<p>As\u00ed tambi\u00e9n, se busca a Alejandra Yamileth Gonz\u00e1lez Lezama, de 20 a\u00f1os, de quien se perdi\u00f3 comunicaci\u00f3n desde el 30 de diciembre luego de ser vista en la colonia Ex Marquesado, en Oaxaca de Ju\u00e1rez.<\/p>\n\n\n\n<p>Por otra parte, este s\u00e1bado 2 de enero, la Unidad de B\u00fasqueda difundi\u00f3 la ficha de b\u00fasqueda de un var\u00f3n, V\u00edctor Bryan Osorio Lozano, de 26 a\u00f1os de edad, quien fue visto por \u00faltima vez el 31 de diciembre de la colonia Lomas de San Javier, perteneciente a Santa Cruz Xoxocotl\u00e1n.<\/p>\n\n\n\n<p>De acuerdo al recuento hemerogr\u00e1fico que realiza la organizaci\u00f3n Consorcio Oaxaca, sobre la incidencia contra las mujeres, de enero al 30 de diciembre de 2020 se registr\u00f3 un acumulado de 366 reportes de ni\u00f1as, adolescentes y mujeres. Es decir, pr\u00e1cticamente una mujer al d\u00eda es desaparecida en Oaxaca.<\/p>\n","protected":false},"excerpt":{"rendered":"<p>Yuridiana Sosa\/Zona Roja. Oaxaca de Ju\u00e1rez, Oax., 2 de enero de 2021.- En v\u00edsperas del&hellip;<\/p>\n","protected":false},"author":2,"featured_media":21952,"comment_status":"closed","ping_status":"open","sticky":false,"template":"","format":"standard","meta":{"_lmt_disableupdate":"","_lmt_disable":"","_jetpack_memberships_contains_paid_content":false,"footnotes":""},"categories":[109,47],"tags":[455],"class_list":["post-21951","post","type-post","status-publish","format-standard","has-post-thumbnail","hentry","category-minuto-a-minuto","category-zona-gris","tag-mujeres-desaparecidas-oaxaca"],"jetpack_featured_media_url":"https:\/\/zonaroja.com.mx\/wp-content\/uploads\/2021\/01\/Desaparecidas-Oax.jpg","jetpack_sharing_enabled":true,"_links":{"self":[{"href":"https:\/\/zonaroja.com.mx\/index.php?rest_route=\/wp\/v2\/posts\/21951","targetHints":{"allow":["GET"]}}],"collection":[{"href":"https:\/\/zonaroja.com.mx\/index.php?rest_route=\/wp\/v2\/posts"}],"about":[{"href":"https:\/\/zonaroja.com.mx\/index.php?rest_route=\/wp\/v2\/types\/post"}],"author":[{"embeddable":true,"href":"https:\/\/zonaroja.com.mx\/index.php?rest_route=\/wp\/v2\/users\/2"}],"replies":[{"embeddable":true,"href":"https:\/\/zonaroja.com.mx\/index.php?rest_route=%2Fwp%2Fv2%2Fcomments&post=21951"}],"version-history":[{"count":1,"href":"https:\/\/zonaroja.com.mx\/index.php?rest_route=\/wp\/v2\/posts\/21951\/revisions"}],"predecessor-version":[{"id":21953,"href":"https:\/\/zonaroja.com.mx\/index.php?rest_route=\/wp\/v2\/posts\/21951\/revisions\/21953"}],"wp:featuredmedia":[{"embeddable":true,"href":"https:\/\/zonaroja.com.mx\/index.php?rest_route=\/wp\/v2\/media\/21952"}],"wp:attachment":[{"href":"https:\/\/zonaroja.com.mx\/index.php?rest_route=%2Fwp%2Fv2%2Fmedia&parent=21951"}],"wp:term":[{"taxonomy":"category","embeddable":true,"href":"https:\/\/zonaroja.com.mx\/index.php?rest_route=%2Fwp%2Fv2%2Fcategories&post=21951"},{"taxonomy":"post_tag","embeddable":true,"href":"https:\/\/zonaroja.com.mx\/index.php?rest_route=%2Fwp%2Fv2%2Ftags&post=21951"}],"curies":[{"name":"wp","href":"https:\/\/api.w.org\/{rel}","templated":true}]}}