{"id":21966,"date":"2021-01-03T07:49:10","date_gmt":"2021-01-03T13:49:10","guid":{"rendered":"http:\/\/www.zonaroja.com.mx\/?p=21966"},"modified":"2021-01-03T07:49:15","modified_gmt":"2021-01-03T13:49:15","slug":"imparten-a-personal-del-poder-judicial-diplomado-sobre-pluralismo-juridico","status":"publish","type":"post","link":"https:\/\/zonaroja.com.mx\/?p=21966","title":{"rendered":"Imparten a personal del Poder Judicial diplomado sobre pluralismo jur\u00eddico"},"content":{"rendered":"\n<p>Redacci\u00f3n\/Zona Roja.<\/p>\n\n\n\n<p>Oaxaca de Ju\u00e1rez, Oax., 3 de enero de 2021.- Al ser Oaxaca un estado pluricultural, con dos terceras partes de la poblaci\u00f3n total reconocidas como pueblos ind\u00edgenas, el presidente del Tribunal Superior de Justicia y del Consejo de la Judicatura, magistrado Eduardo Pinacho S\u00e1nchez, estableci\u00f3 como una de las prioridades de su administraci\u00f3n garantizar la incorporaci\u00f3n del pluralismo jur\u00eddico y la perspectiva de g\u00e9nero en los procedimientos jurisdiccionales.<\/p>\n\n\n\n<p>En esta labor, en conjunto con el Instituto Nacional de Pueblos Ind\u00edgenas (INPI), el Centro de Investigaciones y Estudios Superiores en Antropolog\u00eda Social (CIESAS) y el Centro Profesional Ind\u00edgena de Asesor\u00eda, Defensa y Traducci\u00f3n A.C (Cepiadet), se imparte el Diplomado Pluralismo Jur\u00eddico, de la Teor\u00eda a la Praxis, en la modalidad a distancia.<\/p>\n\n\n\n<p>Personal jurisdiccional y administrativo del Poder Judicial del Estado y personas ind\u00edgenas, afromexicanas o que litigan en materia ind\u00edgena cursan la capacitaci\u00f3n especializada que se conforma por 15 m\u00f3dulos desarrollados en 128 horas, los cuales iniciaron el pasado 27 de octubre de 2020 y concluir\u00e1n siete de marzo del 2021.<\/p>\n\n\n\n<p>En las \u00faltimas semanas, entre los temas abordados se encuentran \u201cLos conceptos fundamentales del derecho ind\u00edgena\u201d, a cargo de la doctora Naayeli E. Ram\u00edrez-Espinosa; \u201cMarco normativo de los Derechos Humanos de los Pueblos Ind\u00edgenas\u201d, por parte de la maestra Er\u00e9ndira Cruzvillegas Fuentes; \u201cJurisprudencia de la Corte Interamericana sobre Pueblos Ind\u00edgenas y Afromexicanos\u201d, con la participaci\u00f3n de la doctora Tatiana Alfonso Sierra y \u201cJurisprudencia Mexicana sobre los Derechos de los Pueblos Ind\u00edgenas Afromexicanos\u201d, por la doctora Elia Avenda\u00f1o Villafuerte.<\/p>\n\n\n\n<p>La finalidad del diplomado es brindar a las y los participantes herramientas conceptuales y metodol\u00f3gicas que permitan conocer, analizar y utilizar la perspectiva pluricultural en la impartici\u00f3n de justicia, as\u00ed como el conocimiento de los mecanismos estatales, nacionales e internacionales de los derechos de los pueblos, comunidades, personas ind\u00edgenas y afromexicanas para su acceso efectivo a la justicia y el ejercicio de la jurisdicci\u00f3n ind\u00edgena.<\/p>\n\n\n\n<p>Cabe se\u00f1alar que el Poder Judicial del Estado (PJE), es referente a nivel nacional por contar con una sala especializada en justicia ind\u00edgena con avances importantes en la materia, por lo que en busca de mantener, fortalecer y apoyar la atenci\u00f3n a este sector de la sociedad, el Magistrado Presidente, fortalece lazos de colaboraci\u00f3n con el Gobierno de M\u00e9xico y organizaciones de la sociedad civil.<\/p>\n","protected":false},"excerpt":{"rendered":"<p>Redacci\u00f3n\/Zona Roja. Oaxaca de Ju\u00e1rez, Oax., 3 de enero de 2021.- Al ser Oaxaca un&hellip;<\/p>\n","protected":false},"author":2,"featured_media":21967,"comment_status":"closed","ping_status":"open","sticky":false,"template":"","format":"standard","meta":{"_lmt_disableupdate":"","_lmt_disable":"","_jetpack_memberships_contains_paid_content":false,"footnotes":""},"categories":[109,46],"tags":[223],"class_list":["post-21966","post","type-post","status-publish","format-standard","has-post-thumbnail","hentry","category-minuto-a-minuto","category-zona-blanca","tag-poder-judicial-de-oaxaca"],"jetpack_featured_media_url":"https:\/\/zonaroja.com.mx\/wp-content\/uploads\/2021\/01\/02-Diplomado-Praxis.jpg","jetpack_sharing_enabled":true,"_links":{"self":[{"href":"https:\/\/zonaroja.com.mx\/index.php?rest_route=\/wp\/v2\/posts\/21966","targetHints":{"allow":["GET"]}}],"collection":[{"href":"https:\/\/zonaroja.com.mx\/index.php?rest_route=\/wp\/v2\/posts"}],"about":[{"href":"https:\/\/zonaroja.com.mx\/index.php?rest_route=\/wp\/v2\/types\/post"}],"author":[{"embeddable":true,"href":"https:\/\/zonaroja.com.mx\/index.php?rest_route=\/wp\/v2\/users\/2"}],"replies":[{"embeddable":true,"href":"https:\/\/zonaroja.com.mx\/index.php?rest_route=%2Fwp%2Fv2%2Fcomments&post=21966"}],"version-history":[{"count":1,"href":"https:\/\/zonaroja.com.mx\/index.php?rest_route=\/wp\/v2\/posts\/21966\/revisions"}],"predecessor-version":[{"id":21968,"href":"https:\/\/zonaroja.com.mx\/index.php?rest_route=\/wp\/v2\/posts\/21966\/revisions\/21968"}],"wp:featuredmedia":[{"embeddable":true,"href":"https:\/\/zonaroja.com.mx\/index.php?rest_route=\/wp\/v2\/media\/21967"}],"wp:attachment":[{"href":"https:\/\/zonaroja.com.mx\/index.php?rest_route=%2Fwp%2Fv2%2Fmedia&parent=21966"}],"wp:term":[{"taxonomy":"category","embeddable":true,"href":"https:\/\/zonaroja.com.mx\/index.php?rest_route=%2Fwp%2Fv2%2Fcategories&post=21966"},{"taxonomy":"post_tag","embeddable":true,"href":"https:\/\/zonaroja.com.mx\/index.php?rest_route=%2Fwp%2Fv2%2Ftags&post=21966"}],"curies":[{"name":"wp","href":"https:\/\/api.w.org\/{rel}","templated":true}]}}