{"id":21969,"date":"2021-01-03T07:53:52","date_gmt":"2021-01-03T13:53:52","guid":{"rendered":"http:\/\/www.zonaroja.com.mx\/?p=21969"},"modified":"2021-01-03T07:53:57","modified_gmt":"2021-01-03T13:53:57","slug":"concluyen-obra-en-andador-turistico-pese-a-clausura-municipal-desden-del-inah","status":"publish","type":"post","link":"https:\/\/zonaroja.com.mx\/?p=21969","title":{"rendered":"Concluyen obra en Andador Tur\u00edstico, pese a clausura municipal; desd\u00e9n del INAH"},"content":{"rendered":"\n<p>Evlin Arag\u00f3n\/Zona Roja.<\/p>\n\n\n\n<p>Oaxaca de Ju\u00e1rez, Oax., 3 de enero de 2021.- Pese a que va en contra de la imagen y fisionom\u00eda del Centro Hist\u00f3rico de Oaxaca, el edificio ubicado en la primera calle de Macedonio Alcal\u00e1, que comprende por los menos cuatro locales comerciales, fue concluido a\u00fan con los sellos de clausura emitidos por las autoridades del ayuntamiento capitalino.&nbsp;<\/p>\n\n\n\n<p>Hace dos semanas y ante la presi\u00f3n que se hizo a trav\u00e9s de las redes sociales, la autoridad municipal encabezada por el edil Oswaldo Garc\u00eda Jarqu\u00edn, clausur\u00f3 la obra de remodelaci\u00f3n del inmueble que, en realidad, ya estaba bastante avanzada.&nbsp;<\/p>\n\n\n\n<p>Seg\u00fan el ayuntamiento, a trav\u00e9s de la Direcci\u00f3n de Desarrollo Urbano, Obras P\u00fablicas y Medio Ambiente, la clausura total e inmediata de la obra se realiz\u00f3 con el \u201cprop\u00f3sito de evitar que se ponga en peligro el Patrimonio Cultural de la Humanidad del Centro Hist\u00f3rico de esta ciudad\u201d, al tiempo que inici\u00f3 un procedimiento administrativo por estos hechos.<\/p>\n\n\n\n<p>La determinaci\u00f3n de la autoridad no impidi\u00f3 siquiera que el personal, de los cuatro locales comerciales ubicados en la propiedad, dejaran de laborar, por el contrario, con todo y sellos los establecimientos abrieron sus puertas al p\u00fablica, ignorando completamente dicha clausura.\u00a0<\/p>\n\n\n\n<figure class=\"wp-block-embed-twitter wp-block-embed is-type-rich is-provider-twitter\"><div class=\"wp-block-embed__wrapper\">\n<div class=\"twitter-tweet\"><blockquote class=\"twitter-tweet\" data-lang=\"es\"><p lang=\"es\" dir=\"ltr\"><a href=\"https:\/\/twitter.com\/hashtag\/OaxacaGris?src=hash&amp;ref_src=twsrc%5Etfw\">#OaxacaGris<\/a><br>Pese a la supuesta clausura que hizo el <a href=\"https:\/\/twitter.com\/MunicipioOaxaca?ref_src=twsrc%5Etfw\">@MunicipioOaxaca<\/a>, propietarios del inmueble n\u00famero 100 del Andador Tur\u00edstico Macedonio Alcal\u00e1 de la capital, concluyeron la remodelaci\u00f3n, que rompe con la imagen del Centro Hist\u00f3rico; el <a href=\"https:\/\/twitter.com\/INAHmx?ref_src=twsrc%5Etfw\">@INAHmx<\/a> guarda silencio al respecto. <a href=\"https:\/\/t.co\/38D3esxzvJ\">pic.twitter.com\/38D3esxzvJ<\/a><\/p>&mdash; Zona Roja Oaxaca (@MexRoja) <a href=\"https:\/\/twitter.com\/MexRoja\/status\/1345417197422841858?ref_src=twsrc%5Etfw\">2 de enero de 2021<\/a><\/blockquote><\/div>\n<\/div><\/figure>\n\n\n\n<p>La orden 0085 con fecha 16 de diciembre del 2020, emitida por el ayuntamiento fue absolutamente desde\u00f1ada por los propietarios, quienes decidieron aplicar el famoso dicho de \u201cm\u00e1s vale pedir perd\u00f3n que permiso\u201d, ello, aunque la autoridad advirti\u00f3 una sanci\u00f3n administrativa.&nbsp;<\/p>\n\n\n\n<p>A simple viste el dise\u00f1o arquitect\u00f3nico de la propiedad no corresponde con los edificios hist\u00f3ricos que se ubican en el Andador Tur\u00edstico y que conforma el Patrimonio Mundial de la Humanidad, en cambio se muestra con un toque moderno y minimalista alejado del concepto colonial.&nbsp;&nbsp;<\/p>\n\n\n\n<p>El edificio rompe con la imagen que en conjunto crean: la facultad de Derecho de la Universidad Aut\u00f3noma \u201cBenito Ju\u00e1rez\u201d de Oaxaca, con su ya famoso Paraninfo; la librer\u00eda Gra\u00f1\u00e9n Porr\u00faa, la Biblioteca P\u00fablica \u201cMargarita Maza\u201d, el Monte de Piedad, el Museo de Arte Contempor\u00e1neo de Oaxaca, entre otros, que hacen \u00fanica la experiencia de recorrer el Andador Tur\u00edstico.&nbsp;<\/p>\n\n\n\n<p>La autoridad del Instituto Nacional de Antropolog\u00eda e Historia (INAH) no se ha pronunciado al respecto, aunque en ocasiones anteriores han impedido intervenciones de pintura a propietarios de la zona, argumentado el respeto al patrimonio cultural edificado.&nbsp;<\/p>\n\n\n\n<p>Fueron activista y artistas pl\u00e1sticos quienes denunciaron los hechos, hace aproximadamente 15 d\u00edas, de ah\u00ed que las autoridades municipales actuaran en consecuencia, o por lo menos simularan actuar, ya que la obra ha quedado concluida.&nbsp;<\/p>\n\n\n\n<p>\u201cEl balc\u00f3n rompe con el entorno, desarmoniza con la arquitectura d la calle Macedonio Alcal\u00e1 o corredor tur\u00edstico tan importante que est\u00e1 en el cat\u00e1logo del Patrimonio Mundial de la Humanidad, est\u00e1n destrozando la imagen del Centro Hist\u00f3rico de la ciudad de Oaxaca\u201d, dijo en su momento el artista Markoa V\u00e1squez.<\/p>\n","protected":false},"excerpt":{"rendered":"<p>Evlin Arag\u00f3n\/Zona Roja. Oaxaca de Ju\u00e1rez, Oax., 3 de enero de 2021.- Pese a que&hellip;<\/p>\n","protected":false},"author":2,"featured_media":21970,"comment_status":"closed","ping_status":"open","sticky":false,"template":"","format":"standard","meta":{"_lmt_disableupdate":"","_lmt_disable":"","_jetpack_memberships_contains_paid_content":false,"footnotes":""},"categories":[109,47],"tags":[148],"class_list":["post-21969","post","type-post","status-publish","format-standard","has-post-thumbnail","hentry","category-minuto-a-minuto","category-zona-gris","tag-oaxaca-de-juarez"],"jetpack_featured_media_url":"https:\/\/zonaroja.com.mx\/wp-content\/uploads\/2021\/01\/Rehabilitacion-inmueble-Centro-historico.jpg","jetpack_sharing_enabled":true,"_links":{"self":[{"href":"https:\/\/zonaroja.com.mx\/index.php?rest_route=\/wp\/v2\/posts\/21969","targetHints":{"allow":["GET"]}}],"collection":[{"href":"https:\/\/zonaroja.com.mx\/index.php?rest_route=\/wp\/v2\/posts"}],"about":[{"href":"https:\/\/zonaroja.com.mx\/index.php?rest_route=\/wp\/v2\/types\/post"}],"author":[{"embeddable":true,"href":"https:\/\/zonaroja.com.mx\/index.php?rest_route=\/wp\/v2\/users\/2"}],"replies":[{"embeddable":true,"href":"https:\/\/zonaroja.com.mx\/index.php?rest_route=%2Fwp%2Fv2%2Fcomments&post=21969"}],"version-history":[{"count":1,"href":"https:\/\/zonaroja.com.mx\/index.php?rest_route=\/wp\/v2\/posts\/21969\/revisions"}],"predecessor-version":[{"id":21971,"href":"https:\/\/zonaroja.com.mx\/index.php?rest_route=\/wp\/v2\/posts\/21969\/revisions\/21971"}],"wp:featuredmedia":[{"embeddable":true,"href":"https:\/\/zonaroja.com.mx\/index.php?rest_route=\/wp\/v2\/media\/21970"}],"wp:attachment":[{"href":"https:\/\/zonaroja.com.mx\/index.php?rest_route=%2Fwp%2Fv2%2Fmedia&parent=21969"}],"wp:term":[{"taxonomy":"category","embeddable":true,"href":"https:\/\/zonaroja.com.mx\/index.php?rest_route=%2Fwp%2Fv2%2Fcategories&post=21969"},{"taxonomy":"post_tag","embeddable":true,"href":"https:\/\/zonaroja.com.mx\/index.php?rest_route=%2Fwp%2Fv2%2Ftags&post=21969"}],"curies":[{"name":"wp","href":"https:\/\/api.w.org\/{rel}","templated":true}]}}