{"id":2197,"date":"2019-07-11T20:59:21","date_gmt":"2019-07-12T01:59:21","guid":{"rendered":"http:\/\/www.zonaroja.com.mx\/?p=2197"},"modified":"2019-07-11T20:59:24","modified_gmt":"2019-07-12T01:59:24","slug":"urge-derechos-humanos-al-gobierno-atender-problematica-en-san-dionisio","status":"publish","type":"post","link":"https:\/\/zonaroja.com.mx\/?p=2197","title":{"rendered":"Urge Derechos Humanos al gobierno atender problem\u00e1tica en San Dionisio"},"content":{"rendered":"\n<p>Redacci\u00f3n<\/p>\n\n\n\n<p>Oaxaca de\nJu\u00e1rez, Oax., 11 de julio de 2019.- A cinco d\u00edas del suceso, la Defensor\u00eda de\nlos Derechos Humanos del Pueblo de Oaxaca emiti\u00f3 un comunicado para exigir al\nGobierno del Estado intervenir a la brevedad en la problem\u00e1tica suscitada en\nSan Dionisio del Mar, que incluye la retenci\u00f3n de 15 personas.<\/p>\n\n\n\n<p>Para ello\nemiti\u00f3 una \u201cAlerta Temprana\u201d a diversas autoridades para que atiendan la problem\u00e1tica\ny se salvaguarde la vida e integridad f\u00edsica de los retenidos.<\/p>\n\n\n\n<p>A los integrantes\ndel ayuntamiento de San Dionisio exhort\u00f3 a que cumplan con su obligaci\u00f3n de\ngarantizar la integridad, libertad y vida de las personas detenidas;\nadem\u00e1s&nbsp; llam\u00f3 a la asamblea general para\nque en ejercicio de sistemas normativos internos busquen mecanismos pac\u00edficos\nbasados en el di\u00e1logo y la concertaci\u00f3n para solucionar el conflicto.<\/p>\n\n\n\n<p>A la\nSecretar\u00eda General de Gobierno (Segego) requiri\u00f3 que implemente y coordine\nmesas de trabajo para lograr la liberaci\u00f3n de las personas retenidas, pero\nadem\u00e1s le solicit\u00f3 que atienda en forma integral y responsable el problema para\ngarantizar una convivencia arm\u00f3nica y preservar la paz social en la comunidad\nde San Dionisio.<\/p>\n\n\n\n<p>Mientras a la\nFiscal\u00eda General del Estado inst\u00f3 a que realice las acciones necesarias para\ngarantizar la liberaci\u00f3n de las personas retenidas,&nbsp; \u201cpreservando en todo momento la protecci\u00f3n a\nlos derechos a la integridad f\u00edsica de las personas retenidas, la seguridad\njur\u00eddica y el debido proceso\u201d; adem\u00e1s, en caso de que exista alg\u00fan delito, se\ninicie el legajo de investigaci\u00f3n correspondiente, observando el derecho de las\nv\u00edctimas e imputados.<\/p>\n\n\n\n<p>A la Secretar\u00eda\nde Seguridad P\u00fablica (SSP) pidi\u00f3 que la Polic\u00eda Estatal ejecute un plan\nintegral que permita garantizar la integridad personal de las personas\nretenidas, adem\u00e1s de la seguridad de las personas de la comunidad.<\/p>\n\n\n\n<p>Mientras que\na la Coordinaci\u00f3n para la Atenci\u00f3n de los Derechos Humanos del Poder Ejecutivo\ndel Estado solicit\u00f3 que coordine los esfuerzos de las instancias, a fin de\nimplementar todas&nbsp; las acciones\npertinentes para la atenci\u00f3n integral del conflicto.<\/p>\n\n\n\n<p>El organismo\ndefensor inform\u00f3 que inici\u00f3 el 8 de julio el expediente de queja\nDDHPO\/1395\/(24)\/OAX\/2019 al tener conocimiento que integrantes de la Asamblea\nComunitaria de San Dionisio Ocotepec&nbsp;\nretuvieron a personas, quienes se encontraban trabajando en un predio de\nesa comunidad, el 7 de julio pasado.<\/p>\n\n\n\n<p>Tras ello, la Fiscal\u00eda General del Estado emiti\u00f3 su bolet\u00edn, en que indic\u00f3 que se atiende la problem\u00e1tica.<\/p>\n\n\n\n<figure class=\"wp-block-embed-twitter wp-block-embed is-type-rich is-provider-twitter\"><div class=\"wp-block-embed__wrapper\">\n<div class=\"twitter-tweet\"><blockquote class=\"twitter-tweet\" data-lang=\"es\"><p lang=\"es\" dir=\"ltr\">Abre <a href=\"https:\/\/twitter.com\/FISCALIA_GobOax?ref_src=twsrc%5Etfw\">@FISCALIA_GobOax<\/a> investigaci\u00f3n por retenci\u00f3n <br>de personas en <a href=\"https:\/\/twitter.com\/hashtag\/SanDionisioOcotepec?src=hash&amp;ref_src=twsrc%5Etfw\">#SanDionisioOcotepec<\/a><a href=\"https:\/\/twitter.com\/hashtag\/Oaxaca?src=hash&amp;ref_src=twsrc%5Etfw\">#Oaxaca<\/a><a href=\"https:\/\/twitter.com\/hashtag\/ProcuramosJusticiaParaTi?src=hash&amp;ref_src=twsrc%5Etfw\">#ProcuramosJusticiaParaTi<\/a><a href=\"https:\/\/twitter.com\/RVasconcelosM?ref_src=twsrc%5Etfw\">@RVasconcelosM<\/a> <a href=\"https:\/\/twitter.com\/alejandromurat?ref_src=twsrc%5Etfw\">@alejandromurat<\/a> <a href=\"https:\/\/t.co\/eeSeIlZ3ws\">pic.twitter.com\/eeSeIlZ3ws<\/a><\/p>&mdash; Fiscal\u00eda General (@FISCALIA_GobOax) <a href=\"https:\/\/twitter.com\/FISCALIA_GobOax\/status\/1149481579535716352?ref_src=twsrc%5Etfw\">12 de julio de 2019<\/a><\/blockquote><\/div>\n<\/div><\/figure>\n","protected":false},"excerpt":{"rendered":"<p>Redacci\u00f3n Oaxaca de Ju\u00e1rez, Oax., 11 de julio de 2019.- A cinco d\u00edas del suceso,&hellip;<\/p>\n","protected":false},"author":2,"featured_media":2198,"comment_status":"closed","ping_status":"open","sticky":false,"template":"","format":"standard","meta":{"_lmt_disableupdate":"","_lmt_disable":"","_jetpack_memberships_contains_paid_content":false,"footnotes":""},"categories":[109,51],"tags":[],"class_list":["post-2197","post","type-post","status-publish","format-standard","has-post-thumbnail","hentry","category-minuto-a-minuto","category-zona-roja"],"jetpack_featured_media_url":"https:\/\/zonaroja.com.mx\/wp-content\/uploads\/2019\/07\/Arsenal-San-Dionisio-Ocotepec-1.jpg","jetpack_sharing_enabled":true,"_links":{"self":[{"href":"https:\/\/zonaroja.com.mx\/index.php?rest_route=\/wp\/v2\/posts\/2197","targetHints":{"allow":["GET"]}}],"collection":[{"href":"https:\/\/zonaroja.com.mx\/index.php?rest_route=\/wp\/v2\/posts"}],"about":[{"href":"https:\/\/zonaroja.com.mx\/index.php?rest_route=\/wp\/v2\/types\/post"}],"author":[{"embeddable":true,"href":"https:\/\/zonaroja.com.mx\/index.php?rest_route=\/wp\/v2\/users\/2"}],"replies":[{"embeddable":true,"href":"https:\/\/zonaroja.com.mx\/index.php?rest_route=%2Fwp%2Fv2%2Fcomments&post=2197"}],"version-history":[{"count":1,"href":"https:\/\/zonaroja.com.mx\/index.php?rest_route=\/wp\/v2\/posts\/2197\/revisions"}],"predecessor-version":[{"id":2199,"href":"https:\/\/zonaroja.com.mx\/index.php?rest_route=\/wp\/v2\/posts\/2197\/revisions\/2199"}],"wp:featuredmedia":[{"embeddable":true,"href":"https:\/\/zonaroja.com.mx\/index.php?rest_route=\/wp\/v2\/media\/2198"}],"wp:attachment":[{"href":"https:\/\/zonaroja.com.mx\/index.php?rest_route=%2Fwp%2Fv2%2Fmedia&parent=2197"}],"wp:term":[{"taxonomy":"category","embeddable":true,"href":"https:\/\/zonaroja.com.mx\/index.php?rest_route=%2Fwp%2Fv2%2Fcategories&post=2197"},{"taxonomy":"post_tag","embeddable":true,"href":"https:\/\/zonaroja.com.mx\/index.php?rest_route=%2Fwp%2Fv2%2Ftags&post=2197"}],"curies":[{"name":"wp","href":"https:\/\/api.w.org\/{rel}","templated":true}]}}