{"id":21972,"date":"2021-01-03T08:05:09","date_gmt":"2021-01-03T14:05:09","guid":{"rendered":"http:\/\/www.zonaroja.com.mx\/?p=21972"},"modified":"2021-01-03T08:05:14","modified_gmt":"2021-01-03T14:05:14","slug":"exige-mult-esclarecer-enesimo-asesinato-contra-otro-de-sus-militantes","status":"publish","type":"post","link":"https:\/\/zonaroja.com.mx\/?p=21972","title":{"rendered":"Exige MULT esclarecer en\u00e9simo asesinato contra otro de sus militantes"},"content":{"rendered":"\n<p>Ismael Garc\u00eda M.\/Zona Roja. Foto: Archivo<\/p>\n\n\n\n<p>Oaxaca de Ju\u00e1rez, Oax., 3 de enero de 2021.- El Movimiento de Unificaci\u00f3n y Lucha Triqui (MULT) conden\u00f3 el en\u00e9simo asesinato de uno de sus militantes, perpetrado ayer, y demand\u00f3 a la Fiscal\u00eda General del Estado una investigaci\u00f3n pronta y expedita.<\/p>\n\n\n\n<p>\u201c\u00a1Castigo contra los autores materiales e intelectuales del asesinato de nuestro compa\u00f1ero Rom\u00e1n! \u00a1No al ba\u00f1o de sangre en la nacion Triqui! \u00a1Luchemos por la paz, la concordia y la armon\u00eda en la naci\u00f3n triqui!\u201d, difundi\u00f3 en un comunicado.<\/p>\n\n\n\n<p>Rom\u00e1n Mart\u00ednez L\u00f3pez, de 31 a\u00f1os de edad, fue atacado a balazos ayer alrededor de las 14:30 horas cerca del crucero a Constancia del Rosario, cuando conduc\u00eda el taxi con n\u00famero econ\u00f3mico 33 del sitio \u201cProf. Genaro V\u00e1squez\u201d; fue trasladado a una cl\u00ednica particular, donde minutos despu\u00e9s de las 15:00 horas falleci\u00f3.<\/p>\n\n\n\n<p>\u201cLo ven\u00eda, siguiendo los sicarios hasta que lograron herir en la entrada de Constancia de Rosario, pudo llegar hasta la base de taxista y posteriormente lo trasladaron los compa\u00f1eros en el hospital de \u2018Los \u00c1ngeles. El compa\u00f1ero luchando para sobrevivir, pero no aguanto y perdi\u00f3 la vida.<\/p>\n\n\n\n<p>\u201cSeguimos exigiendo a las autoridades cumplan con su obligaci\u00f3n de instalar la mesa de paz. \u00bfHasta cu\u00e1ndo? Exigimos una investigaci\u00f3n pronta y expedita a las autoridades correspondiente para el esclarecimiento del asesinato de nuestro compa\u00f1ero y militante de nuestra organizaci\u00f3n MULT.<\/p>\n\n\n\n<p>\u201cNosotros aspiramos a una paz y no ba\u00f1o de sangre en nuestras comunidades\u201d, difundi\u00f3 en su comunicado de prensa ayer por la noche.<\/p>\n","protected":false},"excerpt":{"rendered":"<p>Ismael Garc\u00eda M.\/Zona Roja. Foto: Archivo Oaxaca de Ju\u00e1rez, Oax., 3 de enero de 2021.-&hellip;<\/p>\n","protected":false},"author":2,"featured_media":2973,"comment_status":"closed","ping_status":"open","sticky":false,"template":"","format":"standard","meta":{"_lmt_disableupdate":"","_lmt_disable":"","_jetpack_memberships_contains_paid_content":false,"footnotes":""},"categories":[109,51],"tags":[732,2334],"class_list":["post-21972","post","type-post","status-publish","format-standard","has-post-thumbnail","hentry","category-minuto-a-minuto","category-zona-roja","tag-movimiento-de-unificacion-y-lucha-triqui","tag-roman-martinez-lopez"],"jetpack_featured_media_url":"https:\/\/zonaroja.com.mx\/wp-content\/uploads\/2019\/08\/MULT1.jpg","jetpack_sharing_enabled":true,"_links":{"self":[{"href":"https:\/\/zonaroja.com.mx\/index.php?rest_route=\/wp\/v2\/posts\/21972","targetHints":{"allow":["GET"]}}],"collection":[{"href":"https:\/\/zonaroja.com.mx\/index.php?rest_route=\/wp\/v2\/posts"}],"about":[{"href":"https:\/\/zonaroja.com.mx\/index.php?rest_route=\/wp\/v2\/types\/post"}],"author":[{"embeddable":true,"href":"https:\/\/zonaroja.com.mx\/index.php?rest_route=\/wp\/v2\/users\/2"}],"replies":[{"embeddable":true,"href":"https:\/\/zonaroja.com.mx\/index.php?rest_route=%2Fwp%2Fv2%2Fcomments&post=21972"}],"version-history":[{"count":1,"href":"https:\/\/zonaroja.com.mx\/index.php?rest_route=\/wp\/v2\/posts\/21972\/revisions"}],"predecessor-version":[{"id":21973,"href":"https:\/\/zonaroja.com.mx\/index.php?rest_route=\/wp\/v2\/posts\/21972\/revisions\/21973"}],"wp:featuredmedia":[{"embeddable":true,"href":"https:\/\/zonaroja.com.mx\/index.php?rest_route=\/wp\/v2\/media\/2973"}],"wp:attachment":[{"href":"https:\/\/zonaroja.com.mx\/index.php?rest_route=%2Fwp%2Fv2%2Fmedia&parent=21972"}],"wp:term":[{"taxonomy":"category","embeddable":true,"href":"https:\/\/zonaroja.com.mx\/index.php?rest_route=%2Fwp%2Fv2%2Fcategories&post=21972"},{"taxonomy":"post_tag","embeddable":true,"href":"https:\/\/zonaroja.com.mx\/index.php?rest_route=%2Fwp%2Fv2%2Ftags&post=21972"}],"curies":[{"name":"wp","href":"https:\/\/api.w.org\/{rel}","templated":true}]}}