{"id":21986,"date":"2021-01-03T15:14:15","date_gmt":"2021-01-03T21:14:15","guid":{"rendered":"http:\/\/www.zonaroja.com.mx\/?p=21986"},"modified":"2021-01-03T15:14:20","modified_gmt":"2021-01-03T21:14:20","slug":"una-mujer-lleva-cinco-anos-presa-en-oaxaca-sin-ser-sentenciada","status":"publish","type":"post","link":"https:\/\/zonaroja.com.mx\/?p=21986","title":{"rendered":"Una mujer lleva cinco a\u00f1os presa en Oaxaca, sin ser sentenciada"},"content":{"rendered":"\n<p>Redacci\u00f3n\/Zona Roja.<\/p>\n\n\n\n<p>Oaxaca de Ju\u00e1rez, Oax., 3 de enero de 2021.- Desde hace cinco a\u00f1os, Mar\u00eda de la Concepci\u00f3n Sibaja Ram\u00edrez fue privada de su libertad en Oaxaca, acusada de crimen organizado y tr\u00e1fico de personas, en un proceso sin sentencia del que asegura es inocente y v\u00edctima de tortura.<\/p>\n\n\n\n<p>De acuerdo con el diario \u201cReforma\u201d, fue detenida el 28 de agosto de 2015 por elementos de la extinta PGR (ahora Fiscal\u00eda General de la Rep\u00fablica), acusada de pertenecer a una banda de traficantes de personas que presuntamente encabezaba Sergio Pinos, con quien estaba casada legalmente, pero de quien se separ\u00f3 hace m\u00e1s de 15 a\u00f1os por la violencia que ejerc\u00eda contra ella.<\/p>\n\n\n\n<p>El d\u00eda de su detenci\u00f3n, la mujer, actualmente de 47 a\u00f1os de edad, se encontraba con sus padres, su hermana, su cu\u00f1ado y un sobrino en una vivienda en Xoxocotl\u00e1n, Oaxaca.<\/p>\n\n\n\n<p>Apenas iban a comer, cuando de repente irrumpieron en el lugar ocho hombres encapuchados y con armas largas.<\/p>\n\n\n\n<p>\u00abEntraron, gritaron el nombre de mi hermana, y ella dijo: &#8216;soy yo&#8217;. Entonces, la jalaron del caballo y se la llevaron (sin orden de aprehensi\u00f3n), la subieron a unas camionetas tipo Van sin logotipos. Ellos tampoco tra\u00edan nada que los identificara\u00bb, recuerda Nayeli Sibaja Ram\u00edrez, hermana de Concepci\u00f3n.<\/p>\n\n\n\n<p>\u00abNo sab\u00edamos qui\u00e9nes eran y ten\u00edamos mucho miedo. Est\u00e1bamos pensando que hab\u00eda sido la delincuencia la que se la llev\u00f3\u00bb, declar\u00f3 a \u201cReforma\u201d.<\/p>\n\n\n\n<p>Ese mismo d\u00eda, Nayeli comenz\u00f3 a buscar a su hermana. Contrat\u00f3 un abogado y fueron a diferentes Ministerios P\u00fablicos y a la delegaci\u00f3n de la PGR, pero no obtuvieron certeza de su ubicaci\u00f3n.<\/p>\n\n\n\n<p>Tres d\u00edas despu\u00e9s, hacia las 11:00 de la noche, Concepci\u00f3n le llam\u00f3 a Nayeli. Apenas alcanz\u00f3 a decirle que estaba en la SEIDO, la Subprocuradur\u00eda Especializada en Investigaci\u00f3n de Delincuencia Organizada.<\/p>\n\n\n\n<p>\u00abAl d\u00eda siguiente volvi\u00f3 a llamar y nos dijo que le hab\u00edan permitido la llamada porque ya hab\u00eda firmado todo lo que ellos hab\u00edan querido, que estaba golpeada\u00bb, refiere Nayeli.<\/p>\n\n\n\n<p>Sobre lo ocurrido en el trayecto, Concepci\u00f3n le escribi\u00f3 una carta a su hermana, en la que narr\u00f3 que primero la llevaron a la casa de su ex pareja, en San Pedro Ixtlahuaca, donde la golpearon.<\/p>\n\n\n\n<p>\u00abLe dijeron que quer\u00edan tener relaciones con ella entre todos. Fue una cosa muy terrible, porque no hubo violaci\u00f3n, pero s\u00ed tocamientos. De ah\u00ed se la llevaron a la Ciudad de M\u00e9xico.<\/p>\n\n\n\n<p>\u00abMe dice que en cada caseta se paraban a tocarla, jalarle el cabello y a gritarle. De ah\u00ed para SEIDO y ah\u00ed m\u00e1s terrible, porque fue donde la obligaron a firmar\u00bb, se\u00f1ala a \u201cReforma\u201d.<\/p>\n\n\n\n<p>Concepci\u00f3n es acusada dentro de la causa penal 131\/2015 de crimen organizado y tr\u00e1fico de personas, junto con otras nueve personas, quienes esperan la sentencia del juez S\u00e9ptimo de Distrito.<\/p>\n\n\n\n<p>Seg\u00fan la acusaci\u00f3n, ella era la conductora de los veh\u00edculos donde eran trasladados migrantes que buscaban llegar a Estados Unidos.<\/p>\n\n\n\n<p>Sin embargo, para su abogado, Jos\u00e9 Antonio Heredia, se trata de una fabricaci\u00f3n de delitos.<\/p>\n\n\n\n<p>\u00abTodo surge a ra\u00edz de un procedimiento que entonces hizo la PGR, un proyecto que hubo de una coordinaci\u00f3n entre la PGR y autoridades salvadore\u00f1as y de otras entidades, para atender el asunto del tr\u00e1fico de indocumentados\u00bb, cuenta a \u201cRerforma\u201d.<\/p>\n\n\n\n<p>\u00abDetuvieron gente arbitrariamente, entre ellas Concepci\u00f3n. El cateo fue ilegal, se le amenaz\u00f3, cuando la detuvieron fue objeto de violencia f\u00edsica, psicol\u00f3gica, no tuvo un abogado presente, estuvo arraigada, todas esas son violaciones flagrantes\u00bb, afirma.<\/p>\n\n\n\n<p>Hasta ahora, la mujer permanece internada en el Centro Penitenciario Femenil Tanivet, en Oaxaca, en espera de que se revise su caso.<\/p>\n","protected":false},"excerpt":{"rendered":"<p>Redacci\u00f3n\/Zona Roja. Oaxaca de Ju\u00e1rez, Oax., 3 de enero de 2021.- Desde hace cinco a\u00f1os,&hellip;<\/p>\n","protected":false},"author":2,"featured_media":21987,"comment_status":"closed","ping_status":"open","sticky":false,"template":"","format":"standard","meta":{"_lmt_disableupdate":"","_lmt_disable":"","_jetpack_memberships_contains_paid_content":false,"footnotes":""},"categories":[109,47],"tags":[2337],"class_list":["post-21986","post","type-post","status-publish","format-standard","has-post-thumbnail","hentry","category-minuto-a-minuto","category-zona-gris","tag-maria-de-la-concepcion-sibaja-ramirez"],"jetpack_featured_media_url":"https:\/\/zonaroja.com.mx\/wp-content\/uploads\/2021\/01\/Encarcelada-Tanivet.jpg","jetpack_sharing_enabled":true,"_links":{"self":[{"href":"https:\/\/zonaroja.com.mx\/index.php?rest_route=\/wp\/v2\/posts\/21986","targetHints":{"allow":["GET"]}}],"collection":[{"href":"https:\/\/zonaroja.com.mx\/index.php?rest_route=\/wp\/v2\/posts"}],"about":[{"href":"https:\/\/zonaroja.com.mx\/index.php?rest_route=\/wp\/v2\/types\/post"}],"author":[{"embeddable":true,"href":"https:\/\/zonaroja.com.mx\/index.php?rest_route=\/wp\/v2\/users\/2"}],"replies":[{"embeddable":true,"href":"https:\/\/zonaroja.com.mx\/index.php?rest_route=%2Fwp%2Fv2%2Fcomments&post=21986"}],"version-history":[{"count":1,"href":"https:\/\/zonaroja.com.mx\/index.php?rest_route=\/wp\/v2\/posts\/21986\/revisions"}],"predecessor-version":[{"id":21988,"href":"https:\/\/zonaroja.com.mx\/index.php?rest_route=\/wp\/v2\/posts\/21986\/revisions\/21988"}],"wp:featuredmedia":[{"embeddable":true,"href":"https:\/\/zonaroja.com.mx\/index.php?rest_route=\/wp\/v2\/media\/21987"}],"wp:attachment":[{"href":"https:\/\/zonaroja.com.mx\/index.php?rest_route=%2Fwp%2Fv2%2Fmedia&parent=21986"}],"wp:term":[{"taxonomy":"category","embeddable":true,"href":"https:\/\/zonaroja.com.mx\/index.php?rest_route=%2Fwp%2Fv2%2Fcategories&post=21986"},{"taxonomy":"post_tag","embeddable":true,"href":"https:\/\/zonaroja.com.mx\/index.php?rest_route=%2Fwp%2Fv2%2Ftags&post=21986"}],"curies":[{"name":"wp","href":"https:\/\/api.w.org\/{rel}","templated":true}]}}