{"id":21989,"date":"2021-01-03T15:37:47","date_gmt":"2021-01-03T21:37:47","guid":{"rendered":"http:\/\/www.zonaroja.com.mx\/?p=21989"},"modified":"2021-01-03T15:37:52","modified_gmt":"2021-01-03T21:37:52","slug":"promueve-ayuntamiento-de-oaxaca-propagacion-de-covid-con-instalacion-de-tianguis","status":"publish","type":"post","link":"https:\/\/zonaroja.com.mx\/?p=21989","title":{"rendered":"Promueve ayuntamiento de Oaxaca propagaci\u00f3n de Covid, con instalaci\u00f3n de tianguis"},"content":{"rendered":"\n<p>Ismael Garc\u00eda M.\/Zona Roja.<\/p>\n\n\n\n<p>Oaxaca de Ju\u00e1rez, Oax., 3 de enero de 2021.- alrededor de 800 metros lineales de lona fueron colocados hoy sobre la avenida Central de la ciudad de Oaxaca, por parte del ayuntamiento, con el prop\u00f3sito de instalar un tianguis de juguetes por el D\u00eda de Reyes.<\/p>\n\n\n\n<p>Lo anterior a pesar de que la capital del estado es el municipio con el mayor n\u00famero de contagios y decesos por Covid-19.<\/p>\n\n\n\n<p>De acuerdo con datos de los Servicios de Salud de Oaxaca, dados a conocer por la autoridad municipal, al corte del 2 de enero, son ocho mil 266 personas las contagiadas, mientras que 442 perdieron la batalla ante la enfermedad.<\/p>\n\n\n\n<p>Pese a ello, el gobierno municipal que encabeza Oswaldo Garc\u00eda Jarqu\u00edn, dio la anuencia a los comerciantes informales para instalar puestos a partir de hoy y hasta el 6 de enero, sobre dicha vialidad, entre la Central Camionera de Segunda Clase y el Mercado de Abasto.<\/p>\n\n\n\n<figure class=\"wp-block-embed-twitter wp-block-embed is-type-rich is-provider-twitter\"><div class=\"wp-block-embed__wrapper\">\n<div class=\"twitter-tweet\"><blockquote class=\"twitter-tweet\" data-lang=\"es\"><p lang=\"es\" dir=\"ltr\"><a href=\"https:\/\/twitter.com\/hashtag\/ENVIVO?src=hash&amp;ref_src=twsrc%5Etfw\">#ENVIVO<\/a><br>Oaxaca de Ju\u00e1rez, Oax., 3 de enero de 2021.-Instalan tianguis por el D\u00eda de Reyes en inmediaciones de la Central de Abasto. El propio <a href=\"https:\/\/twitter.com\/MunicipioOaxaca?ref_src=twsrc%5Etfw\">@MunicipioOaxaca<\/a>, con irresponsabilidad, promueve actividades masivas, pese a la pandemia.<br><br>Aqu\u00ed la transmisi\u00f3n \ud83d\udc47<a href=\"https:\/\/t.co\/RTaWwYg2KV\">https:\/\/t.co\/RTaWwYg2KV<\/a> <a href=\"https:\/\/t.co\/U7StGwmczb\">pic.twitter.com\/U7StGwmczb<\/a><\/p>&mdash; Zona Roja Oaxaca (@MexRoja) <a href=\"https:\/\/twitter.com\/MexRoja\/status\/1345826928796823552?ref_src=twsrc%5Etfw\">3 de enero de 2021<\/a><\/blockquote><\/div>\n<\/div><\/figure>\n\n\n\n<p>Por la ma\u00f1ana realizaron desinfecci\u00f3n de las \u00e1reas, con el apoyo del personal del Heroico Cuerpo de Bomberos.<\/p>\n\n\n\n<p>\u201cExiste el compromiso asumido por las y los comerciantes para proteger la salud de las familias; adem\u00e1s, las personas que decidan acudir al lugar deber\u00e1n respetar los lineamientos y disposiciones sanitarias como lo son: uso correcto de cubrebocas, mantener sana distancia, uso correcto del tapete sanitizante, aplicaci\u00f3n de gel antibacterial, entre otros.<\/p>\n\n\n\n<p>\u201cQuien acuda a este espacio que lo haga con sumo cuidado y total responsabilidad, anteponiendo la salud; si en el n\u00facleo familiar pueden designar a una persona que realice estas compras ser\u00eda ideal, as\u00ed contribuiremos a evitar aglomeraci\u00f3n de personas y con ello disminuimos la probabilidad de contagios de coronavirus\u201d, se\u00f1al\u00f3 el ayuntamiento en un comunicado emitido este domingo 3 de enero.<\/p>\n\n\n\n<figure class=\"wp-block-embed-twitter wp-block-embed is-type-rich is-provider-twitter\"><div class=\"wp-block-embed__wrapper\">\n<div class=\"twitter-tweet\"><blockquote class=\"twitter-tweet\" data-lang=\"es\"><p lang=\"es\" dir=\"ltr\"><a href=\"https:\/\/twitter.com\/hashtag\/OaxacaGris?src=hash&amp;ref_src=twsrc%5Etfw\">#OaxacaGris<\/a> <br>Pese a ser domingo, en el Perif\u00e9rico del lado poniente de la capital oaxaque\u00f1a, hay un intenso tr\u00e1fico vehicular; hay tambi\u00e9n elementos de Vialidad del <a href=\"https:\/\/twitter.com\/MunicipioOaxaca?ref_src=twsrc%5Etfw\">@MunicipioOaxaca<\/a> <a href=\"https:\/\/twitter.com\/MunicipioSeguro?ref_src=twsrc%5Etfw\">@MunicipioSeguro<\/a> en la zona, pero nadie pone orden ni control. <a href=\"https:\/\/t.co\/C5qF78WvrT\">pic.twitter.com\/C5qF78WvrT<\/a><\/p>&mdash; Zona Roja Oaxaca (@MexRoja) <a href=\"https:\/\/twitter.com\/MexRoja\/status\/1345842647244668931?ref_src=twsrc%5Etfw\">3 de enero de 2021<\/a><\/blockquote><\/div>\n<\/div><\/figure>\n","protected":false},"excerpt":{"rendered":"<p>Ismael Garc\u00eda M.\/Zona Roja. Oaxaca de Ju\u00e1rez, Oax., 3 de enero de 2021.- alrededor de&hellip;<\/p>\n","protected":false},"author":2,"featured_media":21990,"comment_status":"closed","ping_status":"open","sticky":false,"template":"","format":"standard","meta":{"_lmt_disableupdate":"","_lmt_disable":"","_jetpack_memberships_contains_paid_content":false,"footnotes":""},"categories":[109,47],"tags":[148],"class_list":["post-21989","post","type-post","status-publish","format-standard","has-post-thumbnail","hentry","category-minuto-a-minuto","category-zona-gris","tag-oaxaca-de-juarez"],"jetpack_featured_media_url":"https:\/\/zonaroja.com.mx\/wp-content\/uploads\/2021\/01\/Tianguis-juguetes.jpg","jetpack_sharing_enabled":true,"_links":{"self":[{"href":"https:\/\/zonaroja.com.mx\/index.php?rest_route=\/wp\/v2\/posts\/21989","targetHints":{"allow":["GET"]}}],"collection":[{"href":"https:\/\/zonaroja.com.mx\/index.php?rest_route=\/wp\/v2\/posts"}],"about":[{"href":"https:\/\/zonaroja.com.mx\/index.php?rest_route=\/wp\/v2\/types\/post"}],"author":[{"embeddable":true,"href":"https:\/\/zonaroja.com.mx\/index.php?rest_route=\/wp\/v2\/users\/2"}],"replies":[{"embeddable":true,"href":"https:\/\/zonaroja.com.mx\/index.php?rest_route=%2Fwp%2Fv2%2Fcomments&post=21989"}],"version-history":[{"count":1,"href":"https:\/\/zonaroja.com.mx\/index.php?rest_route=\/wp\/v2\/posts\/21989\/revisions"}],"predecessor-version":[{"id":21991,"href":"https:\/\/zonaroja.com.mx\/index.php?rest_route=\/wp\/v2\/posts\/21989\/revisions\/21991"}],"wp:featuredmedia":[{"embeddable":true,"href":"https:\/\/zonaroja.com.mx\/index.php?rest_route=\/wp\/v2\/media\/21990"}],"wp:attachment":[{"href":"https:\/\/zonaroja.com.mx\/index.php?rest_route=%2Fwp%2Fv2%2Fmedia&parent=21989"}],"wp:term":[{"taxonomy":"category","embeddable":true,"href":"https:\/\/zonaroja.com.mx\/index.php?rest_route=%2Fwp%2Fv2%2Fcategories&post=21989"},{"taxonomy":"post_tag","embeddable":true,"href":"https:\/\/zonaroja.com.mx\/index.php?rest_route=%2Fwp%2Fv2%2Ftags&post=21989"}],"curies":[{"name":"wp","href":"https:\/\/api.w.org\/{rel}","templated":true}]}}