{"id":21992,"date":"2021-01-03T19:27:30","date_gmt":"2021-01-04T01:27:30","guid":{"rendered":"http:\/\/www.zonaroja.com.mx\/?p=21992"},"modified":"2021-01-03T19:28:52","modified_gmt":"2021-01-04T01:28:52","slug":"causa-polemica-otra-vez-lopez-gatell-turistea-en-oaxaca-y-sin-cubreboca","status":"publish","type":"post","link":"https:\/\/zonaroja.com.mx\/?p=21992","title":{"rendered":"Causa pol\u00e9mica otra vez L\u00f3pez-Gatell; turistea en Oaxaca y sin cubreboca"},"content":{"rendered":"\n<p>Ismael Garc\u00eda M.\/Zona Roja.<\/p>\n\n\n\n<p>Oaxaca de Ju\u00e1rez, Oax., 3 de enero de 2021.- El subsecretario de la Secretar\u00eda de Salud federal, Hugo L\u00f3pez-Gatell, gener\u00f3 pol\u00e9mica de nuevo y ahora en Oaxaca.<\/p>\n\n\n\n<p>El pasado 31 de diciembre fue captado en un avi\u00f3n con destino a las bah\u00edas de Huatulco, y sin usar cubreboca, a pesar de que las autoridades sanitarias recomiendan utilizar esta prenda para evitar contagios por Covid-19.<\/p>\n\n\n\n<p>Y este domingo fue visto en un restaurante de Zipolite, la playa nudista ubicada en San Pedro Pochutla, en la Costa oaxaque\u00f1a, acompa\u00f1ado de una joven, y ambos sin utilizar el tapaboca.<\/p>\n\n\n\n<p>El periodista huatulque\u00f1o Omar Gasga comparti\u00f3 tres im\u00e1genes, en que adem\u00e1s de L\u00f3pez-Gatell, hay otras personas sin utilizar la protecci\u00f3n bucal.<\/p>\n\n\n\n<p>\u201cAcompa\u00f1ado de una mujer, el vocero oficial para la pandemia de Covid-19 fue visto en este establecimiento (hotel \u201cEl Alquimista Zipolite\u201d) localizado en la playa nudista de Zipolite, Oaxaca.<\/p>\n\n\n\n<p>\u201cL\u00f3pez-Gatell Ram\u00edrez arrib\u00f3 a la costa oaxaque\u00f1a el 31 de diciembre por el aeropuerto de Huatulco para pasar el fin de a\u00f1o.<\/p>\n\n\n\n<p>\u201cAunque en un principio se pens\u00f3 que se hospedar\u00eda en este centro tur\u00edstico, ha trascendido que se aloja en una casa ubicada en La Boquilla, una comunidad cercana a Puerto \u00c1ngel, Oaxaca\u201d, rese\u00f1\u00f3 el comunicador.<\/p>\n\n\n\n<p>Las conferencias de prensa cotidianas sobre las cifras actuales de casos de Covid fueron tambi\u00e9n suspendidas este fin de semana y se reanudar\u00e1n hasta ma\u00f1ana s\u00e1bado.<\/p>\n\n\n\n<p>En el caso de Oaxaca, permanece en sem\u00e1foro epidemiol\u00f3gico naranja y hasta anoche acumulaba dos mil 133 fallecimientos a causa del virus, as\u00ed como 28 mil 512 casos positivos.<\/p>\n","protected":false},"excerpt":{"rendered":"<p>Ismael Garc\u00eda M.\/Zona Roja. Oaxaca de Ju\u00e1rez, Oax., 3 de enero de 2021.- El subsecretario&hellip;<\/p>\n","protected":false},"author":2,"featured_media":21994,"comment_status":"closed","ping_status":"open","sticky":false,"template":"","format":"standard","meta":{"_lmt_disableupdate":"","_lmt_disable":"","_jetpack_memberships_contains_paid_content":false,"footnotes":""},"categories":[109,47],"tags":[1874],"class_list":["post-21992","post","type-post","status-publish","format-standard","has-post-thumbnail","hentry","category-minuto-a-minuto","category-zona-gris","tag-hugo-lopez-gatell"],"jetpack_featured_media_url":"https:\/\/zonaroja.com.mx\/wp-content\/uploads\/2021\/01\/Hugo-Lopez-Gatell-Oaxaca.jpg","jetpack_sharing_enabled":true,"_links":{"self":[{"href":"https:\/\/zonaroja.com.mx\/index.php?rest_route=\/wp\/v2\/posts\/21992","targetHints":{"allow":["GET"]}}],"collection":[{"href":"https:\/\/zonaroja.com.mx\/index.php?rest_route=\/wp\/v2\/posts"}],"about":[{"href":"https:\/\/zonaroja.com.mx\/index.php?rest_route=\/wp\/v2\/types\/post"}],"author":[{"embeddable":true,"href":"https:\/\/zonaroja.com.mx\/index.php?rest_route=\/wp\/v2\/users\/2"}],"replies":[{"embeddable":true,"href":"https:\/\/zonaroja.com.mx\/index.php?rest_route=%2Fwp%2Fv2%2Fcomments&post=21992"}],"version-history":[{"count":1,"href":"https:\/\/zonaroja.com.mx\/index.php?rest_route=\/wp\/v2\/posts\/21992\/revisions"}],"predecessor-version":[{"id":21993,"href":"https:\/\/zonaroja.com.mx\/index.php?rest_route=\/wp\/v2\/posts\/21992\/revisions\/21993"}],"wp:featuredmedia":[{"embeddable":true,"href":"https:\/\/zonaroja.com.mx\/index.php?rest_route=\/wp\/v2\/media\/21994"}],"wp:attachment":[{"href":"https:\/\/zonaroja.com.mx\/index.php?rest_route=%2Fwp%2Fv2%2Fmedia&parent=21992"}],"wp:term":[{"taxonomy":"category","embeddable":true,"href":"https:\/\/zonaroja.com.mx\/index.php?rest_route=%2Fwp%2Fv2%2Fcategories&post=21992"},{"taxonomy":"post_tag","embeddable":true,"href":"https:\/\/zonaroja.com.mx\/index.php?rest_route=%2Fwp%2Fv2%2Ftags&post=21992"}],"curies":[{"name":"wp","href":"https:\/\/api.w.org\/{rel}","templated":true}]}}