{"id":2200,"date":"2019-07-11T22:12:44","date_gmt":"2019-07-12T03:12:44","guid":{"rendered":"http:\/\/www.zonaroja.com.mx\/?p=2200"},"modified":"2019-07-12T07:19:11","modified_gmt":"2019-07-12T12:19:11","slug":"a-una-semana-de-la-guelaguetza-un-ejecutado-un-plagiado-y-cuatro-asaltos","status":"publish","type":"post","link":"https:\/\/zonaroja.com.mx\/?p=2200","title":{"rendered":"A una semana de la Guelaguetza: dos ejecutados, un plagiado y cinco asaltos"},"content":{"rendered":"\n<p>Ismael Garc\u00eda\nM. <\/p>\n\n\n\n<p>Oaxaca de Ju\u00e1rez, Oax.- A casi una semana para la Guelaguetza y 15 d\u00edas de nuevos mandos en la Secretar\u00eda de Seguridad P\u00fablica y la Agencia Estatal de Investigaciones, adem\u00e1s del reemplazo posterior en la Polic\u00eda Estatal, este jueves se registraron dos ejecuciones, un plagio y cinco asaltos violentos.<\/p>\n\n\n\n<p>En la\nv\u00edspera del D\u00eda del Abogado, en el municipio de Mat\u00edas Romero Avenda\u00f1o fue\nultimado a balazos el licenciado Miguel de Jes\u00fas N., a la salida del Juzgado de\nlo Familiar, dependiente del Tribunal Superior de Justicia.<\/p>\n\n\n\n<p>A pesar de ser una c\u00e9ntrica calle, denominada Hombres Ilustres, no hubo personas detenidas; presuntamente los autores del crimen fueron dos individuos que viajaban a bordo de una motocicleta.<\/p>\n\n\n\n<p>En tanto que alrededor de las 22:00 horas, en el interior de un bar denominado \u00abEl Para\u00edso\u00bb, en la avenida Ferrocarril del municipio de Santa Luc\u00eda del Camino, se suscit\u00f3 un ataque armado que dej\u00f3 como saldo una persona asesinada, identificada como Antonio de Jes\u00fas Mateo Castellanos, de 26 a\u00f1os de edad; la lesionada se identific\u00f3 como Silvia Mora Mart\u00ednez.<\/p>\n\n\n\n<figure class=\"wp-block-embed-twitter wp-block-embed is-type-rich is-provider-twitter\"><div class=\"wp-block-embed__wrapper\">\n<div class=\"twitter-tweet\"><blockquote class=\"twitter-tweet\" data-lang=\"es\"><p lang=\"es\" dir=\"ltr\"><a href=\"https:\/\/twitter.com\/hashtag\/OaxacaRojo?src=hash&amp;ref_src=twsrc%5Etfw\">#OaxacaRojo<\/a><br>Como Antonio de Jes\u00fas Mateo fue identificada la persona asesinada esta noche a balazos en el bar \u201cEl Para\u00edso\u201d de Santa Luc\u00eda del Camino, <a href=\"https:\/\/twitter.com\/hashtag\/Oaxaca?src=hash&amp;ref_src=twsrc%5Etfw\">#Oaxaca<\/a>; una mujer, Silvia M. M., fue lesionada en la pierna. <a href=\"https:\/\/t.co\/MD13zHTA9O\">pic.twitter.com\/MD13zHTA9O<\/a><\/p>&mdash; Zona Roja Oaxaca (@MexRoja) <a href=\"https:\/\/twitter.com\/MexRoja\/status\/1149529396698476544?ref_src=twsrc%5Etfw\">12 de julio de 2019<\/a><\/blockquote><\/div>\n<\/div><\/figure>\n\n\n\n<p>Por otra\nparte, en el municipio de Ayotzintepec se inform\u00f3 del presunto secuestro de un\njoven de 22 a\u00f1os de edad, identificado como Ulises Mendoza Santiago, de oficio\ntaxista.<\/p>\n\n\n\n<p>Desapareci\u00f3\ndesde el mi\u00e9rcoles 10 de julio por la madrugada y hasta el momento no se sabe\nde su paradero, por lo que sus familiares pidieron a la Vicefiscal\u00eda Regional\nde la Cuenca intensificar la b\u00fasqueda.<\/p>\n\n\n\n<p>Mientras que\nen Juchit\u00e1n de Zaragoza se perpetraron tres asaltos, uno de ellos a la\npaqueter\u00eda DHL, ubicada cerca de la carretera federal 190, y otro a dos\nconductores de veh\u00edculos particulares, sobre la v\u00eda federal 185, tramo\nJuchit\u00e1n-La Ventosa.<\/p>\n\n\n\n<p>En tanto, en Pinotepa Nacional dos individuos armados asaltaron una tienda de ropa y accesorios t\u00edpicos, denominada \u201cSophia Accesorios Mexicanos\u201d, en la calle Alfonso P\u00e9rez Gasga, esquina 4 Oriente.<\/p>\n\n\n\n<p>En un domicilio particular de la colonia Las Flores del municipio de San Juan Bautista Tuxtepec, un anciano fue asaltado por un sujeto provisto de arma de fuego, quien le exigi\u00f3 dinero, por lo que la v\u00edctima le tuvo que entregar el producto de sus ahorros, que fueron 70 mil pesos.<\/p>\n\n\n\n<p>En todos los\ncasos no hubo personas detenidas.<\/p>\n","protected":false},"excerpt":{"rendered":"<p>Ismael Garc\u00eda M. Oaxaca de Ju\u00e1rez, Oax.- A casi una semana para la Guelaguetza y&hellip;<\/p>\n","protected":false},"author":2,"featured_media":2201,"comment_status":"closed","ping_status":"open","sticky":false,"template":"","format":"standard","meta":{"_lmt_disableupdate":"","_lmt_disable":"","_jetpack_memberships_contains_paid_content":false,"footnotes":""},"categories":[109,51],"tags":[],"class_list":["post-2200","post","type-post","status-publish","format-standard","has-post-thumbnail","hentry","category-minuto-a-minuto","category-zona-roja"],"jetpack_featured_media_url":"https:\/\/zonaroja.com.mx\/wp-content\/uploads\/2019\/07\/Abogado-ejecutado-en-Mat\u00edas-Romero.jpg","jetpack_sharing_enabled":true,"_links":{"self":[{"href":"https:\/\/zonaroja.com.mx\/index.php?rest_route=\/wp\/v2\/posts\/2200","targetHints":{"allow":["GET"]}}],"collection":[{"href":"https:\/\/zonaroja.com.mx\/index.php?rest_route=\/wp\/v2\/posts"}],"about":[{"href":"https:\/\/zonaroja.com.mx\/index.php?rest_route=\/wp\/v2\/types\/post"}],"author":[{"embeddable":true,"href":"https:\/\/zonaroja.com.mx\/index.php?rest_route=\/wp\/v2\/users\/2"}],"replies":[{"embeddable":true,"href":"https:\/\/zonaroja.com.mx\/index.php?rest_route=%2Fwp%2Fv2%2Fcomments&post=2200"}],"version-history":[{"count":2,"href":"https:\/\/zonaroja.com.mx\/index.php?rest_route=\/wp\/v2\/posts\/2200\/revisions"}],"predecessor-version":[{"id":2205,"href":"https:\/\/zonaroja.com.mx\/index.php?rest_route=\/wp\/v2\/posts\/2200\/revisions\/2205"}],"wp:featuredmedia":[{"embeddable":true,"href":"https:\/\/zonaroja.com.mx\/index.php?rest_route=\/wp\/v2\/media\/2201"}],"wp:attachment":[{"href":"https:\/\/zonaroja.com.mx\/index.php?rest_route=%2Fwp%2Fv2%2Fmedia&parent=2200"}],"wp:term":[{"taxonomy":"category","embeddable":true,"href":"https:\/\/zonaroja.com.mx\/index.php?rest_route=%2Fwp%2Fv2%2Fcategories&post=2200"},{"taxonomy":"post_tag","embeddable":true,"href":"https:\/\/zonaroja.com.mx\/index.php?rest_route=%2Fwp%2Fv2%2Ftags&post=2200"}],"curies":[{"name":"wp","href":"https:\/\/api.w.org\/{rel}","templated":true}]}}