{"id":22003,"date":"2021-01-04T08:16:06","date_gmt":"2021-01-04T14:16:06","guid":{"rendered":"http:\/\/www.zonaroja.com.mx\/?p=22003"},"modified":"2021-01-04T09:56:21","modified_gmt":"2021-01-04T15:56:21","slug":"pese-a-requerimiento-de-personal-sector-salud-cancela-contratos-y-baja-sueldos","status":"publish","type":"post","link":"https:\/\/zonaroja.com.mx\/?p=22003","title":{"rendered":"Pese a requerimiento de personal, sector Salud cancela contratos y baja sueldos"},"content":{"rendered":"\n<p class=\"MsoNormal\">Evlin Arag\u00f3n\/Zona Roja.<\/p>\n\n\n\n<p class=\"MsoNormal\">Oaxaca de Ju\u00e1rez, Oax., 4 de enero de 2020.- Sin renovaci\u00f3n de contrato y con un sueldo no mayor a los 15 mil pesos permanecer\u00e1 el personal eventual adscrito a los Servicios de Salud de Oaxaca, debido a la contingencia sanitaria por Covid-19. <\/p>\n\n\n\n<p class=\"MsoNormal\">As\u00ed lo expone el documento fechado <a href=\"\/\/0\">el 31 de enero<\/a> y firmado por el entonces director de Administraci\u00f3n de la dependencia, David Concha Su\u00e1rez, mismo que detalla que ante la pandemia las y los trabajadores no podr\u00e1n firmar su contrataci\u00f3n en el periodo inmediato a la finalizaci\u00f3n de su contrato.  <\/p>\n\n\n\n<p class=\"MsoNormal\">\u201cMe permito informales que derivado de la actual contingencia sanitaria generada por el virus SARS-CoV2 (COVID-19) por esta ocasi\u00f3n el personal eventual no podr\u00e1 firmar su contrataci\u00f3n en el periodo inmediato posterior a la finalizaci\u00f3n de su contrato\u201d, refiere el documento.&nbsp;&nbsp;<\/p>\n\n\n\n<p class=\"MsoNormal\">Por el contrario, la contrataci\u00f3n que conclu\u00eda en el 2020 se extiende&nbsp;<a href=\"\/\/1\">al 31 de enero del 2021<\/a>&nbsp;con el objetivo de garantizar la atenci\u00f3n m\u00e9dica en el estado. De ah\u00ed que pidi\u00f3 a las autoridades sanitarias y responsable de \u00e1reas estar atento a la circular emitida por la direcci\u00f3n de Administraci\u00f3n, donde se les dar\u00e1s las indicaciones para validar la continuidad de dicho personal.&nbsp;&nbsp;<\/p>\n\n\n\n<p class=\"MsoNormal\">De igual forma pone de manifiesto que debido a los ajustes presupuestales ning\u00fan personal eventual tendr\u00e1 percepciones mensuales superiores a los 15 mil pesos, lo cual no tendr\u00eda por qu\u00e9 afectar el desempe\u00f1o de las y los trabajadores, de acuerdo con la autoridad administrativa de los SSO.&nbsp;<\/p>\n\n\n\n<p class=\"MsoNormal\">\u201c\u2026para el ejercicio 2021, ning\u00fan personal en la modalidad eventual tendr\u00e1 percepciones mensuales superiores a los 15 mil pesos; lo anterior de ninguna manera debe limitar la operatividad y efectividad de nuestro desempe\u00f1o, refrendando as\u00ed los compromisos que como servidores p\u00fablicos asumimos\u201d, cita.&nbsp;&nbsp;<\/p>\n\n\n\n<p class=\"MsoNormal\">El anunci\u00f3 se da pese a que la entidad se encuentra de nueva cuenta en alerta ante el aumento de contagios y la ocupaci\u00f3n hospitalaria, lo cual podr\u00eda ocasionar nuevas protestas por parte del personal al servicio de la salud.&nbsp;&nbsp;<\/p>\n\n\n\n<p class=\"MsoNormal\">Tal y como las que se registraron a finales del mes de noviembre, cuando la Secci\u00f3n 35 del Sindicato Nacional de Trabajadores de la Secretar\u00eda de Salud (SNTSA) anunci\u00f3 una serie de movilizaciones en las que ped\u00eda, entre otras cosas, un alto al despido del personal eventual.  <\/p>\n","protected":false},"excerpt":{"rendered":"<p>Evlin Arag\u00f3n\/Zona Roja. Oaxaca de Ju\u00e1rez, Oax., 4 de enero de 2020.- Sin renovaci\u00f3n de&hellip;<\/p>\n","protected":false},"author":2,"featured_media":22004,"comment_status":"closed","ping_status":"open","sticky":false,"template":"","format":"standard","meta":{"_lmt_disableupdate":"","_lmt_disable":"","_jetpack_memberships_contains_paid_content":false,"footnotes":""},"categories":[109,47],"tags":[1005],"class_list":["post-22003","post","type-post","status-publish","format-standard","has-post-thumbnail","hentry","category-minuto-a-minuto","category-zona-gris","tag-servicios-de-salud-de-oaxaca-sso"],"jetpack_featured_media_url":"https:\/\/zonaroja.com.mx\/wp-content\/uploads\/2021\/01\/Oficio-despidos-Salud.jpg","jetpack_sharing_enabled":true,"_links":{"self":[{"href":"https:\/\/zonaroja.com.mx\/index.php?rest_route=\/wp\/v2\/posts\/22003","targetHints":{"allow":["GET"]}}],"collection":[{"href":"https:\/\/zonaroja.com.mx\/index.php?rest_route=\/wp\/v2\/posts"}],"about":[{"href":"https:\/\/zonaroja.com.mx\/index.php?rest_route=\/wp\/v2\/types\/post"}],"author":[{"embeddable":true,"href":"https:\/\/zonaroja.com.mx\/index.php?rest_route=\/wp\/v2\/users\/2"}],"replies":[{"embeddable":true,"href":"https:\/\/zonaroja.com.mx\/index.php?rest_route=%2Fwp%2Fv2%2Fcomments&post=22003"}],"version-history":[{"count":2,"href":"https:\/\/zonaroja.com.mx\/index.php?rest_route=\/wp\/v2\/posts\/22003\/revisions"}],"predecessor-version":[{"id":22012,"href":"https:\/\/zonaroja.com.mx\/index.php?rest_route=\/wp\/v2\/posts\/22003\/revisions\/22012"}],"wp:featuredmedia":[{"embeddable":true,"href":"https:\/\/zonaroja.com.mx\/index.php?rest_route=\/wp\/v2\/media\/22004"}],"wp:attachment":[{"href":"https:\/\/zonaroja.com.mx\/index.php?rest_route=%2Fwp%2Fv2%2Fmedia&parent=22003"}],"wp:term":[{"taxonomy":"category","embeddable":true,"href":"https:\/\/zonaroja.com.mx\/index.php?rest_route=%2Fwp%2Fv2%2Fcategories&post=22003"},{"taxonomy":"post_tag","embeddable":true,"href":"https:\/\/zonaroja.com.mx\/index.php?rest_route=%2Fwp%2Fv2%2Ftags&post=22003"}],"curies":[{"name":"wp","href":"https:\/\/api.w.org\/{rel}","templated":true}]}}