{"id":22009,"date":"2021-01-04T08:36:39","date_gmt":"2021-01-04T14:36:39","guid":{"rendered":"http:\/\/www.zonaroja.com.mx\/?p=22009"},"modified":"2021-01-04T08:36:43","modified_gmt":"2021-01-04T14:36:43","slug":"siguen-hospitales-casi-llenos-de-pacientes-covid-piden-no-bajar-guardia","status":"publish","type":"post","link":"https:\/\/zonaroja.com.mx\/?p=22009","title":{"rendered":"Siguen hospitales casi llenos de pacientes Covid; piden no bajar guardia"},"content":{"rendered":"\n<p>Redacci\u00f3n\/Zona Roja.<\/p>\n\n\n\n<p>Oaxaca de Ju\u00e1rez, Oax. 4 de enero de 2021.- Este domingo 3 de enero, los Servicios de Salud de Oaxaca reportaron cuatro fallecimientos por Covid-19 y 12 casos positivos, que dan cifras acumuladas de dos mil 137 y 28 mil 524, respectivamente, reportaron los Servicios de Salud de Oaxaca (SSO).<\/p>\n\n\n\n<p>Sin embargo, la mayor\u00eda de los hospitales que atienden a pacientes con esta enfermedad, siguen saturados casi al 100 por ciento, consider\u00f3 la dependencia.<\/p>\n\n\n\n<p>\u201cNos acompa\u00f1a la esperanza de la existencia de la vacuna que ya ha comenzado a aplicarse en el pa\u00eds, pero tambi\u00e9n es cierto que este virus sigue siendo mortal\u201d, expres\u00f3 el titular de los SSO, Donato Casas Escamilla, al dar un informe sobre la situaci\u00f3n de la pandemia en la entidad a trav\u00e9s de un video.<\/p>\n\n\n\n<p>A nombre del Ejecutivo del Estado, Alejandro Murat, Casas Escamilla, exhort\u00f3 a la poblaci\u00f3n extremar las medidas de prevenci\u00f3n ante el incremento de contagios que se han presentado en \u00faltimas fechas.<\/p>\n\n\n\n<p>\u201cEl reto mayor lo tiene la poblaci\u00f3n de nuestra capital, as\u00ed como sus agencias y municipios conurbados.&nbsp; Reiteramos el llamado a la poblaci\u00f3n y visitantes de la Ciudad de Oaxaca y otros centros tur\u00edsticos o comerciales del estado, a que no bajen la guardia. Necesitamos de ustedes. Controlar la pandemia debe ser un esfuerzo en conjunto\u201d, manifest\u00f3 en un comunicado.<\/p>\n\n\n\n<p>De igual manera, agradeci\u00f3 a las y los oaxaque\u00f1os que decidieron privilegiar la salud y vida, al celebrar en casa las festividades decembrinas, adem\u00e1s de evitar acudir a lugares de concentraci\u00f3n masiva.<\/p>\n\n\n\n<p>\u201cGracias tambi\u00e9n por usar de manera correcta el cubrebocas e invitar a otros a usarlo. Al actuar de esta manera est\u00e1s salvando vidas y ayudando a que el 2021 sea realmente un a\u00f1o mejor\u201d, se\u00f1al\u00f3.<\/p>\n\n\n\n<p>Asimismo, inform\u00f3 que a partir de este a\u00f1o los mensajes dominicales referentes al desarrollo de la pandemia en la entidad, incluir\u00e1n un resumen de la situaci\u00f3n epidemiol\u00f3gica, \u201cpara que todas y todos comprendamos de manera clara la importancia de nuestro comportamiento responsable\u201d.<\/p>\n\n\n\n<p>\u201cTambi\u00e9n queremos compartir la evoluci\u00f3n de la pandemia por jurisdicci\u00f3n sanitaria, para saber qu\u00e9 regiones est\u00e1n actuando con mayor responsabilidad y cu\u00e1les est\u00e1n en mayor riesgo\u201d, abund\u00f3.<\/p>\n\n\n\n<p>Dijo que tan solo durante la semana del 27 de diciembre al 2 de enero se sumaron 849 nuevos casos y 51 nuevos fallecimientos. Adem\u00e1s, el promedio estatal de ocupaci\u00f3n hospitalaria durante esta semana fue de 45.8%, subrayando que los hospitales de la capital y municipios conurbados est\u00e1n por llegar al 100% de ocupaci\u00f3n, por lo que exhort\u00f3 a la poblaci\u00f3n extremar las medidas de prevenci\u00f3n.<\/p>\n\n\n\n<p>Se\u00f1al\u00f3 que actualmente la Jurisdicci\u00f3n Sanitaria 1, Valles Centrales, registr\u00f3 703 nuevos casos y 33 nuevos fallecimientos; seguido de la Jurisdicci\u00f3n Sanitaria 2, Istmo, con 31 nuevos contagios y 4 decesos; la Jurisdicci\u00f3n Sanitaria 3, Tuxtepec, con 35 casos nuevos y 2 defunciones; la Jurisdicci\u00f3n Sanitaria 4, Costa, que registr\u00f3 38 nuevos contagios y 6 lamentables decesos; la Jurisdicci\u00f3n Sanitaria 5, Mixteca, sum\u00f3 14 nuevos casos y 4 fallecimientos; y finalmente la Jurisdicci\u00f3n Sanitaria 6, Sierra, aument\u00f3 28 nuevos casos y 2 p\u00e9rdidas fatales.<\/p>\n","protected":false},"excerpt":{"rendered":"<p>Redacci\u00f3n\/Zona Roja. Oaxaca de Ju\u00e1rez, Oax. 4 de enero de 2021.- Este domingo 3 de&hellip;<\/p>\n","protected":false},"author":2,"featured_media":22010,"comment_status":"closed","ping_status":"open","sticky":false,"template":"","format":"standard","meta":{"_lmt_disableupdate":"","_lmt_disable":"","_jetpack_memberships_contains_paid_content":false,"footnotes":""},"categories":[109,47],"tags":[1512],"class_list":["post-22009","post","type-post","status-publish","format-standard","has-post-thumbnail","hentry","category-minuto-a-minuto","category-zona-gris","tag-coronavirus-oaxaca"],"jetpack_featured_media_url":"https:\/\/zonaroja.com.mx\/wp-content\/uploads\/2021\/01\/Covid-Oaxaca-Alameda.jpg","jetpack_sharing_enabled":true,"_links":{"self":[{"href":"https:\/\/zonaroja.com.mx\/index.php?rest_route=\/wp\/v2\/posts\/22009","targetHints":{"allow":["GET"]}}],"collection":[{"href":"https:\/\/zonaroja.com.mx\/index.php?rest_route=\/wp\/v2\/posts"}],"about":[{"href":"https:\/\/zonaroja.com.mx\/index.php?rest_route=\/wp\/v2\/types\/post"}],"author":[{"embeddable":true,"href":"https:\/\/zonaroja.com.mx\/index.php?rest_route=\/wp\/v2\/users\/2"}],"replies":[{"embeddable":true,"href":"https:\/\/zonaroja.com.mx\/index.php?rest_route=%2Fwp%2Fv2%2Fcomments&post=22009"}],"version-history":[{"count":1,"href":"https:\/\/zonaroja.com.mx\/index.php?rest_route=\/wp\/v2\/posts\/22009\/revisions"}],"predecessor-version":[{"id":22011,"href":"https:\/\/zonaroja.com.mx\/index.php?rest_route=\/wp\/v2\/posts\/22009\/revisions\/22011"}],"wp:featuredmedia":[{"embeddable":true,"href":"https:\/\/zonaroja.com.mx\/index.php?rest_route=\/wp\/v2\/media\/22010"}],"wp:attachment":[{"href":"https:\/\/zonaroja.com.mx\/index.php?rest_route=%2Fwp%2Fv2%2Fmedia&parent=22009"}],"wp:term":[{"taxonomy":"category","embeddable":true,"href":"https:\/\/zonaroja.com.mx\/index.php?rest_route=%2Fwp%2Fv2%2Fcategories&post=22009"},{"taxonomy":"post_tag","embeddable":true,"href":"https:\/\/zonaroja.com.mx\/index.php?rest_route=%2Fwp%2Fv2%2Ftags&post=22009"}],"curies":[{"name":"wp","href":"https:\/\/api.w.org\/{rel}","templated":true}]}}