{"id":22013,"date":"2021-01-04T15:30:09","date_gmt":"2021-01-04T21:30:09","guid":{"rendered":"http:\/\/www.zonaroja.com.mx\/?p=22013"},"modified":"2021-01-04T15:30:14","modified_gmt":"2021-01-04T21:30:14","slug":"fue-feminicidio-no-homicidio-colectivos-exigen-reclasificacion-y-justicia-para-bertha","status":"publish","type":"post","link":"https:\/\/zonaroja.com.mx\/?p=22013","title":{"rendered":"\u00a1Fue feminicidio, no homicidio! Colectivos exigen reclasificaci\u00f3n y justicia para Bertha"},"content":{"rendered":"\n<p>Yuridiana Sosa\/Zona Roja.<\/p>\n\n\n\n<p>Oaxaca de Ju\u00e1rez, Oax., 4 de enero de 2021.-&nbsp; Grupos feministas de Oaxaca exigen a la Fiscal\u00eda General del Estado la reclasificaci\u00f3n como feminicidio por el caso de Bertha Jos\u00e9 Dom\u00ednguez, de Uni\u00f3n Hidalgo en el Istmo, el cual fue calificado como homicidio doloso.<\/p>\n\n\n\n<p>La Fiscal\u00eda anunci\u00f3 este 3 de enero que la Agencia Estatal de Investigaciones (AEI) detuvo a J. (Jes\u00fas) M. A, \u201cquien habr\u00eda privado de la vida a su pareja\u201d, \u201cse\u00f1alado como el probable responsable de la muerte de su c\u00f3nyuge\u201d, B.J.D, de 26 a\u00f1os de edad.<\/p>\n\n\n\n<p>De acuerdo con un comunicado de prensa, el crimen se perpetr\u00f3 la madrugada del pasado 25 de diciembre dentro del domicilio que habitaba Bertha. El imputado atac\u00f3 con arma blanca a la mujer, provocando una lesi\u00f3n grave en el cuello que le causaron la muerte.<\/p>\n\n\n\n<p>Pese a ello, la Fiscal\u00eda de Oaxaca no refiri\u00f3 que el implicado haya sido detenido por feminicidio, como establecen los procedimientos legales ante la muerte violenta de una mujer en Oaxaca.<\/p>\n\n\n\n<p>Motivo por el que los colectivos y defensoras de las mujeres condenaron la simulaci\u00f3n de justicia de la Fiscal\u00eda General de Estado y exigieron que el delito por el que se juzgue a Jes\u00fas M. A. sea por feminicidio.<\/p>\n\n\n\n<p>\u201cNosotras le decimos que es feminicidio y exigimos a la Fiscal\u00eda General del Estado de Oaxaca que reclasifique el delito y que las investigaciones sean con perspectiva de g\u00e9nero.<\/p>\n\n\n\n<p>\u201cLa falta de actuaci\u00f3n \u00e9tica y profesional de la Fiscal\u00eda en los procesos hace que violadores y feminicidas sigan libres\u201d, fue el reclamo de los grupos Feministas Oaxaca, Colectivo Tuxfem y Uni\u00f3n Liberal de Mujeres Oaxaque\u00f1as A.C.<\/p>\n\n\n\n<p>Tras el asesinato de Bertha, denunciado por los vecinos de la mujer, Jes\u00fas N. fue reportado como pr\u00f3fugo, sin embargo, seg\u00fan la Fiscal\u00eda fue aprehendido el 2 de enero en Miahuatl\u00e1n de Porfirio D\u00edaz, con base a la orden de aprehensi\u00f3n 001\/2021.<\/p>\n\n\n\n<p>Agreg\u00f3 que luego de presentarlo ante el juez correspondiente, el imputado solicit\u00f3 la ampliaci\u00f3n del t\u00e9rmino constitucional, el cual termina el pr\u00f3ximo 8 de enero.<\/p>\n","protected":false},"excerpt":{"rendered":"<p>Yuridiana Sosa\/Zona Roja. Oaxaca de Ju\u00e1rez, Oax., 4 de enero de 2021.-&nbsp; Grupos feministas de&hellip;<\/p>\n","protected":false},"author":2,"featured_media":22014,"comment_status":"closed","ping_status":"open","sticky":false,"template":"","format":"standard","meta":{"_lmt_disableupdate":"","_lmt_disable":"","_jetpack_memberships_contains_paid_content":false,"footnotes":""},"categories":[109,47],"tags":[2340],"class_list":["post-22013","post","type-post","status-publish","format-standard","has-post-thumbnail","hentry","category-minuto-a-minuto","category-zona-gris","tag-bertha-dominguez-jose"],"jetpack_featured_media_url":"https:\/\/zonaroja.com.mx\/wp-content\/uploads\/2021\/01\/Jesus-feminicida-Union-Hidalgo.jpg","jetpack_sharing_enabled":true,"_links":{"self":[{"href":"https:\/\/zonaroja.com.mx\/index.php?rest_route=\/wp\/v2\/posts\/22013","targetHints":{"allow":["GET"]}}],"collection":[{"href":"https:\/\/zonaroja.com.mx\/index.php?rest_route=\/wp\/v2\/posts"}],"about":[{"href":"https:\/\/zonaroja.com.mx\/index.php?rest_route=\/wp\/v2\/types\/post"}],"author":[{"embeddable":true,"href":"https:\/\/zonaroja.com.mx\/index.php?rest_route=\/wp\/v2\/users\/2"}],"replies":[{"embeddable":true,"href":"https:\/\/zonaroja.com.mx\/index.php?rest_route=%2Fwp%2Fv2%2Fcomments&post=22013"}],"version-history":[{"count":1,"href":"https:\/\/zonaroja.com.mx\/index.php?rest_route=\/wp\/v2\/posts\/22013\/revisions"}],"predecessor-version":[{"id":22015,"href":"https:\/\/zonaroja.com.mx\/index.php?rest_route=\/wp\/v2\/posts\/22013\/revisions\/22015"}],"wp:featuredmedia":[{"embeddable":true,"href":"https:\/\/zonaroja.com.mx\/index.php?rest_route=\/wp\/v2\/media\/22014"}],"wp:attachment":[{"href":"https:\/\/zonaroja.com.mx\/index.php?rest_route=%2Fwp%2Fv2%2Fmedia&parent=22013"}],"wp:term":[{"taxonomy":"category","embeddable":true,"href":"https:\/\/zonaroja.com.mx\/index.php?rest_route=%2Fwp%2Fv2%2Fcategories&post=22013"},{"taxonomy":"post_tag","embeddable":true,"href":"https:\/\/zonaroja.com.mx\/index.php?rest_route=%2Fwp%2Fv2%2Ftags&post=22013"}],"curies":[{"name":"wp","href":"https:\/\/api.w.org\/{rel}","templated":true}]}}