{"id":22020,"date":"2021-01-04T19:04:27","date_gmt":"2021-01-05T01:04:27","guid":{"rendered":"http:\/\/www.zonaroja.com.mx\/?p=22020"},"modified":"2021-01-04T19:04:31","modified_gmt":"2021-01-05T01:04:31","slug":"rebasan-otra-vez-bloqueos-a-la-segego-triquis-sitian-la-mixteca","status":"publish","type":"post","link":"https:\/\/zonaroja.com.mx\/?p=22020","title":{"rendered":"Rebasan, otra vez, bloqueos a la Segego; triquis sitian la Mixteca"},"content":{"rendered":"\n<p>Yuridiana Sosa\/Zona Roja.<\/p>\n\n\n\n<p>Oaxaca de Ju\u00e1rez, Oax., 4 de enero de 2021.- Ante la nula atenci\u00f3n por parte de la Secretar\u00eda General de Gobierno, ind\u00edgenas triquis bloquearon este lunes al menos tres vialidades en la regi\u00f3n Mixteca de Oaxaca.<\/p>\n\n\n\n<p>Ello pese a que la Comisi\u00f3n Nacional de Derechos Humanos (CNDH) demand\u00f3 al Gobierno del Estado su intervenci\u00f3n, acompa\u00f1amiento, resguardo y protecci\u00f3n para las personas que participar\u00edan en las movilizaciones.<\/p>\n\n\n\n<p>Por medio de un oficio, el organismo llam\u00f3 la atenci\u00f3n de Francisco Garc\u00eda L\u00f3pez, secretario General de Gobierno de Oaxaca; al secretario de Seguridad P\u00fablica de Oaxaca, Ernesto Salcedo Rosales; al comandante de la Octava Brigada de la Guardia Nacional con sede en el estado de Oaxaca; al defensor de los Derechos Humanos del Pueblo de Oaxaca, Bernardo Rodr\u00edguez Alamilla, y a la titular de la Coordinaci\u00f3n para la Atenci\u00f3n de los Derechos Humanos de Oaxaca, Norma Reyes Ter\u00e1n.<\/p>\n\n\n\n<p>El primer bloqueo se realiz\u00f3 en el tramo carretero a &nbsp;la comunidad de Brama Paraje P\u00e9rez con direcci\u00f3n al crucero de la localidad de Concepci\u00f3n Carrizal.<\/p>\n\n\n\n<p>La segunda movilizaci\u00f3n se registr\u00f3 partir de la comunidad de Yosoyuxi Copala, con direcci\u00f3n al crucero de Concepci\u00f3n Carrizal y la de las comunidades de Agua Fr\u00eda y Ojo de Agua Copala, con direcci\u00f3n al crucero del municipio de Santiago Juxtlahuaca.<\/p>\n\n\n\n<p>\u201cA efecto de salvaguardar la vida, integridad y seguridad de los pobladores que participar\u00e1n en estas movilizaciones ciudadanas dadas a conocer a este Organismo Nacional Aut\u00f3nomo (\u2026) se solicita con todo comedimiento su intervenci\u00f3n, acompa\u00f1amiento, resguardo y protecci\u00f3n de las personas que participar\u00e1n en las mencionadas movilizaciones\u201d, cit\u00f3 el documento por parte del Visitador Adjunto y Responsable de la Direcci\u00f3n De Quejas Sobre Asuntos Ind\u00edgenas, de la Cuarta Visitadur\u00eda General de la CNDH.<\/p>\n\n\n\n<p>Ello no fue acatado por autoridades del Gobierno del Estado, que no atendieron a los manifestantes, afiliados al Movimiento de Unificaci\u00f3n y Lucha Triqui Independiente (MULTI) y a la Unidad de Bienestar Social de la Regi\u00f3n Triqui (Ubisort), quienes demandan retorno de los desplazados que se encuentran en la capital del estado; asimismo, justicia y castigo a los responsables de diversos cr\u00edmenes que se han registrado en la zona.<\/p>\n","protected":false},"excerpt":{"rendered":"<p>Yuridiana Sosa\/Zona Roja. Oaxaca de Ju\u00e1rez, Oax., 4 de enero de 2021.- Ante la nula&hellip;<\/p>\n","protected":false},"author":2,"featured_media":22021,"comment_status":"closed","ping_status":"open","sticky":false,"template":"","format":"standard","meta":{"_lmt_disableupdate":"","_lmt_disable":"","_jetpack_memberships_contains_paid_content":false,"footnotes":""},"categories":[109,47],"tags":[2121],"class_list":["post-22020","post","type-post","status-publish","format-standard","has-post-thumbnail","hentry","category-minuto-a-minuto","category-zona-gris","tag-secretaria-general-de-gobierno-segego"],"jetpack_featured_media_url":"https:\/\/zonaroja.com.mx\/wp-content\/uploads\/2021\/01\/Bloqueos-triquis.jpg","jetpack_sharing_enabled":true,"_links":{"self":[{"href":"https:\/\/zonaroja.com.mx\/index.php?rest_route=\/wp\/v2\/posts\/22020","targetHints":{"allow":["GET"]}}],"collection":[{"href":"https:\/\/zonaroja.com.mx\/index.php?rest_route=\/wp\/v2\/posts"}],"about":[{"href":"https:\/\/zonaroja.com.mx\/index.php?rest_route=\/wp\/v2\/types\/post"}],"author":[{"embeddable":true,"href":"https:\/\/zonaroja.com.mx\/index.php?rest_route=\/wp\/v2\/users\/2"}],"replies":[{"embeddable":true,"href":"https:\/\/zonaroja.com.mx\/index.php?rest_route=%2Fwp%2Fv2%2Fcomments&post=22020"}],"version-history":[{"count":1,"href":"https:\/\/zonaroja.com.mx\/index.php?rest_route=\/wp\/v2\/posts\/22020\/revisions"}],"predecessor-version":[{"id":22022,"href":"https:\/\/zonaroja.com.mx\/index.php?rest_route=\/wp\/v2\/posts\/22020\/revisions\/22022"}],"wp:featuredmedia":[{"embeddable":true,"href":"https:\/\/zonaroja.com.mx\/index.php?rest_route=\/wp\/v2\/media\/22021"}],"wp:attachment":[{"href":"https:\/\/zonaroja.com.mx\/index.php?rest_route=%2Fwp%2Fv2%2Fmedia&parent=22020"}],"wp:term":[{"taxonomy":"category","embeddable":true,"href":"https:\/\/zonaroja.com.mx\/index.php?rest_route=%2Fwp%2Fv2%2Fcategories&post=22020"},{"taxonomy":"post_tag","embeddable":true,"href":"https:\/\/zonaroja.com.mx\/index.php?rest_route=%2Fwp%2Fv2%2Ftags&post=22020"}],"curies":[{"name":"wp","href":"https:\/\/api.w.org\/{rel}","templated":true}]}}